{"id":3694,"date":"2015-08-21T13:19:35","date_gmt":"2015-08-21T16:19:35","guid":{"rendered":"http:\/\/adfformosa.com.ar\/?p=3694"},"modified":"2015-08-24T09:24:59","modified_gmt":"2015-08-24T12:24:59","slug":"politica-gremial-para-el-periodo-2015-2016-aprobada-en-el-congreso-ordinario-de-la-ctera","status":"publish","type":"post","link":"https:\/\/adfformosa.com.ar\/?p=3694","title":{"rendered":"Pol\u00edtica Gremial para el per\u00edodo 2015-2016 aprobada en el Congreso Ordinario de la CTERA"},"content":{"rendered":"<div id=\"s-share-buttons\" class=\"horizontal-w-c-r-border s-share-w-c\"><a href=\"http:\/\/www.facebook.com\/sharer.php?u=https:\/\/adfformosa.com.ar\/?p=3694\" target=\"_blank\" title=\"Share to Facebook\" class=\"s3-facebook hint--top\"><\/a><a href=\"http:\/\/twitter.com\/intent\/tweet?text=Pol\u00edtica Gremial para el per\u00edodo 2015-2016 aprobada en el Congreso Ordinario de la CTERA&url=https:\/\/adfformosa.com.ar\/?p=3694\" target=\"_blank\"  title=\"Share to Twitter\" class=\"s3-twitter hint--top\"><\/a><a href=\"https:\/\/plus.google.com\/share?url=https:\/\/adfformosa.com.ar\/?p=3694\" target=\"_blank\"  title=\"Share to Google Plus\" class=\"s3-google-plus hint--top\"><\/a><a href=\"http:\/\/www.digg.com\/submit?url=https:\/\/adfformosa.com.ar\/?p=3694\" target=\"_blank\"  title=\"Share to Digg\" class=\"s3-digg hint--top\"><\/a><a href=\"http:\/\/www.tumblr.com\/share\/link?url=https%3A%2F%2Fadfformosa.com.ar%2F%3Fp%3D3694&name=Pol%C3%ADtica+Gremial+para+el+per%C3%ADodo+2015-2016+aprobada+en+el+Congreso+Ordinario+de+la+CTERA\" target=\"_blank\" title=\"Share to Tumblr\" class=\"s3-tumblr hint--top\"><\/a><a href=\"mailto:?Subject=Pol\u00edtica%20Gremial%20para%20el%20per\u00edodo%202015-2016%20aprobada%20en%20el%20Congreso%20Ordinario%20de%20la%20CTERA&Body=Here%20is%20the%20link%20to%20the%20article:%20https:\/\/adfformosa.com.ar\/?p=3694\" title=\"Email this article\" class=\"s3-email hint--top\"><\/a><\/div><p style=\"text-align: justify;\">Damos a conocer los puntos aprobados en el Congreso Ordinario de la CTERA realizado en su sede, en Agosto del presente a\u00f1o.<\/p>\n<p style=\"text-align: justify;\">El mismo est\u00e1 disponible para todos los compa\u00f1eros Delegados y Coordinadores de nuestra Agremiaci\u00f3n,en formato PDF para descargar.<\/p>\n<p style=\"text-align: justify;\"><strong><span style=\"text-decoration: underline; color: #ff0000;\">Clic aqu\u00ed:<\/span><\/strong><\/p>\n<p><a href=\"https:\/\/adfformosa.com.ar\/wp-content\/uploads\/2015\/08\/Ejes_de_Politica_Gremial_2015_2016.pdf\">Ejes_de_Politica_Gremial_2015_2016<\/a><\/p>\n<div id=\"attachment_3695\" style=\"width: 610px\" class=\"wp-caption aligncenter\"><img loading=\"lazy\" decoding=\"async\" aria-describedby=\"caption-attachment-3695\" class=\"wp-image-3695 size-full\" src=\"https:\/\/adfformosa.com.ar\/wp-content\/uploads\/2015\/08\/98ec0092d694f3f780e032d45228a0f5_L-e1440419083927.jpg\" alt=\"\" width=\"600\" height=\"848\" \/><p id=\"caption-attachment-3695\" class=\"wp-caption-text\">Pol\u00edtica Gremial de la CTERA 2015\/2016 para DESCARGAR.<\/p><\/div>\n","protected":false},"excerpt":{"rendered":"<p>Damos a conocer los puntos aprobados en el Congreso Ordinario de la CTERA realizado en su sede, en Agosto del presente a\u00f1o. El mismo est\u00e1 disponible para todos los compa\u00f1eros&#8230; <span class=\"meta-more\"><a href=\"https:\/\/adfformosa.com.ar\/?p=3694\">Leer mas &raquo;<\/a><\/span><\/p>\n","protected":false},"author":3,"featured_media":3695,"comment_status":"open","ping_status":"closed","sticky":false,"template":"","format":"standard","meta":{"footnotes":""},"categories":[2],"tags":[],"class_list":["post-3694","post","type-post","status-publish","format-standard","has-post-thumbnail","hentry","category-prensa-adf","even alt"],"_links":{"self":[{"href":"https:\/\/adfformosa.com.ar\/index.php?rest_route=\/wp\/v2\/posts\/3694","targetHints":{"allow":["GET"]}}],"collection":[{"href":"https:\/\/adfformosa.com.ar\/index.php?rest_route=\/wp\/v2\/posts"}],"about":[{"href":"https:\/\/adfformosa.com.ar\/index.php?rest_route=\/wp\/v2\/types\/post"}],"author":[{"embeddable":true,"href":"https:\/\/adfformosa.com.ar\/index.php?rest_route=\/wp\/v2\/users\/3"}],"replies":[{"embeddable":true,"href":"https:\/\/adfformosa.com.ar\/index.php?rest_route=%2Fwp%2Fv2%2Fcomments&post=3694"}],"version-history":[{"count":2,"href":"https:\/\/adfformosa.com.ar\/index.php?rest_route=\/wp\/v2\/posts\/3694\/revisions"}],"predecessor-version":[{"id":3703,"href":"https:\/\/adfformosa.com.ar\/index.php?rest_route=\/wp\/v2\/posts\/3694\/revisions\/3703"}],"wp:featuredmedia":[{"embeddable":true,"href":"https:\/\/adfformosa.com.ar\/index.php?rest_route=\/wp\/v2\/media\/3695"}],"wp:attachment":[{"href":"https:\/\/adfformosa.com.ar\/index.php?rest_route=%2Fwp%2Fv2%2Fmedia&parent=3694"}],"wp:term":[{"taxonomy":"category","embeddable":true,"href":"https:\/\/adfformosa.com.ar\/index.php?rest_route=%2Fwp%2Fv2%2Fcategories&post=3694"},{"taxonomy":"post_tag","embeddable":true,"href":"https:\/\/adfformosa.com.ar\/index.php?rest_route=%2Fwp%2Fv2%2Ftags&post=3694"}],"curies":[{"name":"wp","href":"https:\/\/api.w.org\/{rel}","templated":true}]}}