{"id":3690,"date":"2015-08-21T13:11:08","date_gmt":"2015-08-21T16:11:08","guid":{"rendered":"http:\/\/adfformosa.com.ar\/?p=3690"},"modified":"2015-08-24T09:27:28","modified_gmt":"2015-08-24T12:27:28","slug":"disertacion-de-la-secretaria-generalsonia-alessoen-el-congreso-ordinario-de-la-ctera","status":"publish","type":"post","link":"https:\/\/adfformosa.com.ar\/?p=3690","title":{"rendered":"Disertaci\u00f3n de la Secretaria General, Sonia Alesso, en el Congreso Ordinario de la CTERA"},"content":{"rendered":"<div id=\"s-share-buttons\" class=\"horizontal-w-c-r-border s-share-w-c\"><a href=\"http:\/\/www.facebook.com\/sharer.php?u=https:\/\/adfformosa.com.ar\/?p=3690\" target=\"_blank\" title=\"Share to Facebook\" class=\"s3-facebook hint--top\"><\/a><a href=\"http:\/\/twitter.com\/intent\/tweet?text=Disertaci\u00f3n de la Secretaria General, Sonia Alesso, en el Congreso Ordinario de la CTERA&url=https:\/\/adfformosa.com.ar\/?p=3690\" target=\"_blank\"  title=\"Share to Twitter\" class=\"s3-twitter hint--top\"><\/a><a href=\"https:\/\/plus.google.com\/share?url=https:\/\/adfformosa.com.ar\/?p=3690\" target=\"_blank\"  title=\"Share to Google Plus\" class=\"s3-google-plus hint--top\"><\/a><a href=\"http:\/\/www.digg.com\/submit?url=https:\/\/adfformosa.com.ar\/?p=3690\" target=\"_blank\"  title=\"Share to Digg\" class=\"s3-digg hint--top\"><\/a><a href=\"http:\/\/www.tumblr.com\/share\/link?url=https%3A%2F%2Fadfformosa.com.ar%2F%3Fp%3D3690&name=Disertaci%C3%B3n+de+la+Secretaria+General%2C+Sonia+Alesso%2C+en+el+Congreso+Ordinario+de+la+CTERA\" target=\"_blank\" title=\"Share to Tumblr\" class=\"s3-tumblr hint--top\"><\/a><a href=\"mailto:?Subject=Disertaci\u00f3n%20de%20la%20Secretaria%20General,%20Sonia%20Alesso,%20en%20el%20Congreso%20Ordinario%20de%20la%20CTERA&Body=Here%20is%20the%20link%20to%20the%20article:%20https:\/\/adfformosa.com.ar\/?p=3690\" title=\"Email this article\" class=\"s3-email hint--top\"><\/a><\/div><p style=\"text-align: center;\"><strong>Palabras de la Secretaria General de la CTERA, Sonia Alesso<\/strong><\/p>\n<p><img loading=\"lazy\" decoding=\"async\" class=\"aligncenter wp-image-3691 size-full\" src=\"https:\/\/adfformosa.com.ar\/wp-content\/uploads\/2015\/08\/91e55df919b08f537b1e486fe1bab4ac_L-e1440173426630.jpg\" alt=\"\" width=\"500\" height=\"273\" \/><\/p>\n<p style=\"text-align: justify;\">\u201cEsta Memoria es la marca de una construcci\u00f3n colectiva que es la CTERA, pero tambi\u00e9n es la huella de nuestra querida Compa\u00f1era Stella Maldonado, cuadro pol\u00edtico pedag\u00f3gico ejemplar, una militante con may\u00fascula.<\/p>\n<p style=\"text-align: justify;\">Para nosotros es una emoci\u00f3n compartir esta Memoria y este Balance porque muchas de las cosas que pensamos, que so\u00f1amos y que construimos tienen que ver con muchas de las cosas que conversamos y que discutimos y que son parte tambi\u00e9n de lo que nuestros propios Congresos, como cada uno de los aportes de las provincias que hemos construido a\u00a0 lo largo de todo este tiempo\u00bb<\/p>\n<p style=\"text-align: center;\"><strong style=\"font-weight: 600;\">\u201cMARCHAMOS AL CONGRESO DE LA NACI\u00d3N\u201d<\/strong><\/p>\n<p style=\"text-align: justify;\">Estamos sesionando en el d\u00eda en que como CTA hemos convocado a una marcha y concentraci\u00f3n frente al Congreso de la Naci\u00f3n para reclamar ejes que tienen que ver con la lucha de todos los trabajadores nucleados en nuestra Central y particularmente tambi\u00e9n con los trabajadores docentes nucleados en la CTERA.<\/p>\n<p style=\"text-align: justify;\">Hacer hincapi\u00e9 en los cuatro ejes por los que marchamos.<\/p>\n<p style=\"text-align: justify;\">Marchamos para defender lo que conseguimos con la lucha de todos nosotros y de los trabajadores del pa\u00eds, pero tambi\u00e9n marchamos hoy al Congreso Nacional por todo lo que falta:<\/p>\n<ul style=\"text-align: justify;\">\n<li>Reclamar una reforma tributaria integral para que paguen los que m\u00e1s tienen y la modificaci\u00f3n de la cuarta categor\u00eda del impuesto de las ganancias.<\/li>\n<li>Destercerizaci\u00f3n del empleo.<\/li>\n<li>Ampliaci\u00f3n de las licencias parentales.<\/li>\n<li>Defensa de las cooperativas de trabajo.<\/li>\n<\/ul>\n<p style=\"text-align: justify;\">Estos temas est\u00e1n incluidos en nuestra pol\u00edtica gremial por todo eso vamos a estar marchando.<\/p>\n<p style=\"text-align: center;\"><strong style=\"font-weight: 600;\">\u201cREFORMA TRIBUTARIA INTEGRAL \u2013 MODIFICACI\u00d3N DE LA CUARTA CATEGOR\u00cdA DEL IMPUESTO A LAS GANANCIAS\u201d<\/strong><\/p>\n<p style=\"text-align: justify;\">Reclamar una reforma tributaria integral que grave a los sectores de mayor poder concentrado y la modificaci\u00f3n de la cuarta categor\u00eda del impuesto de las ganancias tal cual lo dice la resoluci\u00f3n del Congreso de CTERA y la pol\u00edtica gremial.<\/p>\n<p style=\"text-align: justify;\">Que tenga que ver realmente con contemplar la situaci\u00f3n de los maestros en muchos sentidos. No solamente porque nosotros tenemos una situaci\u00f3n particular, porque acumulamos cargos sino tambi\u00e9n porque tenemos temas como los que llamamos \u201czona\u201d: zona patag\u00f3nica, zona formose\u00f1a, zona de frontera, zona desfavorable o el nombre en que cada provincia. Este tema\u00a0 est\u00e1\u00a0 afectado al gasto exclusivo de los compa\u00f1eros para movilizarse y se suman en el descuento a las ganancias.<\/p>\n<p style=\"text-align: justify;\">Tambi\u00e9n con situaciones que para nosotros son injustas como por ejemplo el aporte de una compa\u00f1era sost\u00e9n de familia y que alquila igual que un compa\u00f1ero que es due\u00f1o de dos propiedades; nos parece que es un tema que tiene que revisarse.<\/p>\n<p style=\"text-align: justify;\">No se sube el tope de ganancias y no se reestructuran las escalas que son dos de los problemas que venimos teniendo.<\/p>\n<p style=\"text-align: justify;\">No s\u00f3lo el m\u00ednimo no imponible que no se fija sino tambi\u00e9n las escalas fijadas que distorsionan absolutamente.<\/p>\n<p style=\"text-align: center;\"><strong style=\"font-weight: 600;\">\u201cAMPLIACI\u00d3N DE LAS LICENCIAS PARENTALES\u201d<\/strong><\/p>\n<p style=\"text-align: justify;\">Tambi\u00e9n vamos a plantear algo que CTERA viene peleando desde hace tiempo con la Secretar\u00eda de G\u00e9nero de nuestra entidad\u00a0 y de la CTA que es una nueva Ley de pol\u00edticas de cuidados de la salud que construimos colectivamente porque entendemos que tiene que haber leyes que protejan todo lo que tiene que ver con las tareas dom\u00e9sticas compartidas.<\/p>\n<p style=\"text-align: justify;\">Ustedes saben que provenimos de un gremio mayoritariamente femenino, que muchas veces la mayor\u00eda de las tareas de cuidado sea de los hijos o de los familiares mayores \u2013 incluido de los padres adultos \u2013 recaen sobre las mujeres. Es muy poco com\u00fan que sean los hombres los que tomen ese tipo de tareas o ese tipo de licencias.<\/p>\n<p style=\"text-align: justify;\">Vamos a plantear al Congreso de la Nacional todos los temas que tienen que ver con la pol\u00edtica de cuidado.<\/p>\n<p style=\"text-align: center;\"><strong style=\"font-weight: 600;\">\u201cDESTERCERIZACI\u00d3N DEL EMPLEO\u201d<\/strong><\/p>\n<p style=\"text-align: justify;\">El otro tema es en contra de la flexibilizaci\u00f3n laboral. Nosotros venimos sosteniendo que hay que profundizar la pelea del trabajo precario que tenemos que luchar para que los compa\u00f1eros que todav\u00eda no tengan un trabajo registrado tengan un trabajo decente y esa tambi\u00e9n es nuestra pelea.<\/p>\n<p style=\"text-align: center;\"><strong style=\"font-weight: 600;\">\u201cDEFENSA DE LAS COOPERATIVAS DE TRABAJO\u201d<\/strong><\/p>\n<p style=\"text-align: justify;\">El \u00faltimo punto es sobre todo lo que tiene que ver con la protecci\u00f3n de los compa\u00f1eros trabajadores que est\u00e1n nucleados en cooperativas.<\/p>\n<p style=\"text-align: justify;\">Muchos de estos temas est\u00e1n incluidos en nuestra pol\u00edtica gremial. Por todo esto marchamos hoy al Congreso de la Naci\u00f3n.<\/p>\n<p style=\"text-align: center;\"><strong style=\"font-weight: 600;\">\u201cCONGRESO MUNDIAL DE LA INTERNACIONAL DE LA EDUCACI\u00d3N\u201d<\/strong><\/p>\n<p style=\"text-align: justify;\">Tambi\u00e9n quer\u00eda informarles y vamos a mandar a las provincias el material de los documentos m\u00e1s significativos de la participaci\u00f3n de CTERA en el Congreso Mundial de la Internacional de la Educaci\u00f3n que se hizo en Canad\u00e1. En este Congreso participamos Hugo Yasky \u2013 Presidente de la Internacional de la Educaci\u00f3n para Am\u00e9rica Latina -, y por CTERA Roberto Baradel, Juan Monserrat, Cecilia Mart\u00ednez y Eduardo Pereyra.<\/p>\n<p style=\"text-align: justify;\">Muchas de las cosas que planteamos y que discutimos con los documentos de pol\u00edtica gremial que est\u00e1n a disposici\u00f3n de todos ustedes y que fueron girados en tiempo y forma a todos los sindicatos.<\/p>\n<p style=\"text-align: justify;\">Hay dos debates centrales que nosotros queremos remarcar, que se dieron en el Congreso Mundial.<\/p>\n<p style=\"text-align: center;\"><strong style=\"font-weight: 600;\">\u201cMERCANTILIZACI\u00d3N DE LA EDUCACI\u00d3N\u201d<\/strong><strong style=\"font-weight: 600;\">\u00a0<\/strong><\/p>\n<p style=\"text-align: justify;\">Uno tiene que ver con el debate mundial acerca de la mercantilizaci\u00f3n de la educaci\u00f3n. Es un tema muy importante porque tanto la IE como la IEAL vienen abordando con equipos de trabajo e investigaci\u00f3n. Va a realizarse una reuni\u00f3n para la elaboraci\u00f3n de investigaciones que nos sirvan a nosotros en nuestros sindicatos de base para alertar sobre estos nuevos fen\u00f3menos que nosotros llamamos \u201cla nueva ola de reformas neoliberales\u201d que est\u00e1n afectando muy fuertemente a los pa\u00edses europeos y del norte de Estados Unidos. Tambi\u00e9n est\u00e1n intentando presionar a pa\u00edses de Am\u00e9rica Latina.<\/p>\n<p style=\"text-align: center;\"><strong style=\"font-weight: 600;\">\u201cINTENTOS DESESTABILIZADORES EN AM\u00c9RICA LATINA A GOBIERNOS DEMOCR\u00c1TICOS\u201d<\/strong><\/p>\n<p style=\"text-align: justify;\">Tenemos una particular preocupaci\u00f3n por los intentos de desestabilizaci\u00f3n que se est\u00e1n llevando adelante en Am\u00e9rica Latina, el intento de golpe a Dilma Rousseff, lo que est\u00e1 pasando en Venezuela, en Ecuador.<\/p>\n<p style=\"text-align: justify;\">En ese sentido entendemos que Am\u00e9rica Latina m\u00e1s que nunca tiene que estar unidad defendiendo las democracias en nuestros pa\u00edses. Que cada vez se profundicen m\u00e1s con pol\u00edticas econ\u00f3micas y sociales que tengan que ver con la defensa de los derechos de los trabajadores y de los ciudadanos de nuestros pa\u00edses.<\/p>\n<p style=\"text-align: center;\"><strong style=\"font-weight: 600;\">\u201cAPOYO A LA LUCHA DEL PUEBLO GRIEGO Y DEFENSA DE LA AUTODETERMINACI\u00d3N DE LOS PUEBLOS\u201d<\/strong><\/p>\n<p style=\"text-align: justify;\">El otro eje que se trat\u00f3 tuvo mucho que ver con la crisis europea, especialmente en el sur de Europa: Grecia, Espa\u00f1a, Portugal. Es ese sentido nosotros estuvimos respaldando la resoluci\u00f3n que presentaron los compa\u00f1eros de Grecia en defensa de la lucha del pueblo griego y de los trabajadores de Grecia.<\/p>\n<p style=\"text-align: justify;\">Tambi\u00e9n presentamos dos resoluciones. Una de Am\u00e9rica Latina que fue presentada por unanimidad por todos los compa\u00f1eros que formamos parte de la Regi\u00f3n \u2013Internacional de la Ecuaci\u00f3n para Am\u00e9rica Latina -, con la defensa de la democracia en Am\u00e9rica Latina, con la defensa de la autodeterminaci\u00f3n de los pueblos. Muy particularmente alertamos sobre la situaci\u00f3n en Honduras que es muy grave.<\/p>\n<p style=\"text-align: center;\"><strong style=\"font-weight: 600;\">\u201cDEFENSA DE LA SOBERAN\u00cdA DE LOS PA\u00cdSES: DEUDAS SOBERANAS\u201d<\/strong><\/p>\n<p style=\"text-align: justify;\">La segunda es una resoluci\u00f3n que tiene que ver con la defensa de la soberan\u00eda de los pa\u00edses en cuanto al tema de las \u201cdeudas soberanas\u201d. Todo el debate, no s\u00f3lo para Argentina, sino que nos pas\u00f3 a nosotros con los fondos buitre es algo que se intenta aplicar como modelo en el mundo.<\/p>\n<p style=\"text-align: justify;\">Fue un debate muy rico. Nosotros estamos seleccionando las resoluciones m\u00e1s pol\u00edticas y las resoluciones m\u00e1s pedag\u00f3gicas \u2013 que es la educaci\u00f3n como un derecho social en contra de la privatizaci\u00f3n de la educaci\u00f3n, en contra de la mercantilizaci\u00f3n.<\/p>\n<p style=\"text-align: justify;\">La idea es que todos ustedes tengan acceso a esos materiales.<\/p>\n<p style=\"text-align: center;\"><strong style=\"font-weight: 600;\">\u201cTENER UNA MIRADA Y UNA PERSPECTIVA M\u00c1S AMPLIA\u201d<\/strong><\/p>\n<p>A veces tengo la sensaci\u00f3n, lo dec\u00eda en el Congreso Provincial de mi sindicato en Santa Fe \u2013 AMSAFE \u2013 que cunado uno recorre el pa\u00eds, las escuelas, nos miramos bastante el ombligo. Y nosotros tenemos una responsabilidad pol\u00edtica de salirnos del debate solamente local, solamente educativo, para poder tener una mirada y una perspectiva m\u00e1s amplia, m\u00e1s profunda sobre los que est\u00e1 pasando en el mundo.<\/p>\n<p style=\"text-align: center;\"><strong style=\"font-weight: 600;\">\u201cTREINTA MILLONES DE REFUGIADOS\u201d<\/strong><\/p>\n<p style=\"text-align: justify;\">La verdad, lo que est\u00e1 pasando en el mundo es muy grave: hay 30 millones de refugiados, nunca antes en la historia de la humanidad hubo semejante cantidad de refugiados. Es la primera vez en la historia que hay 30 millones de refugiados, es casi un pa\u00eds como Argentina.<\/p>\n<p style=\"text-align: justify;\">Una parte muy importante de estos refugiados son ni\u00f1os que no tienen acceso a la educaci\u00f3n.<\/p>\n<p style=\"text-align: center;\"><strong style=\"font-weight: 600;\">\u201cEL MEDIO AMBIENTE\u201d<\/strong><\/p>\n<p style=\"text-align: justify;\">Se habl\u00f3 mucho tambi\u00e9n del tema medio ambiental. Va haber una tarea muy fuerte sobre el tema del medio ambiente.<\/p>\n<p style=\"text-align: justify;\">Hoy que estamos viendo y discutiendo el tema de las inundaciones y los medios de comunicaci\u00f3n nos muestra como si eso fuera algo inevitable, como si fuera una cat\u00e1strofe natural, como si no hubiera cuestiones que tienen que ver con el cuidado del medio ambiente y con la necesidad de un desarrollo sustentable..<\/p>\n<p style=\"text-align: justify;\">Como si no tuvi\u00e9ramos que discutir leyes de regulaci\u00f3n del patrimonio p\u00fablico de las tierras.<\/p>\n<p style=\"text-align: justify;\">Como si no hubiera \u2013como hay en mi provincia de Santa Fe o en la provincia de Buenos Aires \u2013 canales clandestinos que hacen los particulares a pesar de las denuncias, a pesar de que hay denuncias de los gobiernos en muchos casos, que hay denuncias de los compa\u00f1eros que viven en los pueblos que rodean esas zonas.<\/p>\n<p style=\"text-align: justify;\">Estamos afectando el medio ambiente, sobre esto tambi\u00e9n tenemos que actuar.<\/p>\n<p style=\"text-align: justify;\">Todos estos materiales los vamos a seleccionar con la Secretar\u00eda de Relaciones Internacionales de CTERA y se los vamos a mandar a todos para que los puedan leer, para que puedan ser parte tambi\u00e9n de la pol\u00edtica gremial cotidiana, que no nos quedemos solamente con lo que nos para a cada uno de nosotros en cada provincia, sino que tambi\u00e9n tengamos una mirada un poco m\u00e1s amplia.<\/p>\n<p style=\"text-align: justify;\">Voy a pedirles a Sandra Rodr\u00edguez y Marcelo Guagliardo de ATEN \u2013 entidad de base de CTERA en Neuqu\u00e9n \u2013 que nos hagan un informe de la Causa Fuentealba a todos los Congresales. Nos parece importante, lo discutimos en el Congreso de CTERA\u00a0 de febrero, cada una de las acciones. Nos parece que ser\u00eda importante saber como est\u00e1 el tema hoy.<\/p>\n<p>Muchas gracias, Compa\u00f1eras y\u00a0 Compa\u00f1eros.<\/p>\n<p>Agosto 2015<\/p>\n<p>PRENSA CTERA<\/p>\n","protected":false},"excerpt":{"rendered":"<p>Palabras de la Secretaria General de la CTERA, Sonia Alesso \u201cEsta Memoria es la marca de una construcci\u00f3n colectiva que es la CTERA, pero tambi\u00e9n es la huella de nuestra&#8230; <span class=\"meta-more\"><a href=\"https:\/\/adfformosa.com.ar\/?p=3690\">Leer mas &raquo;<\/a><\/span><\/p>\n","protected":false},"author":3,"featured_media":3691,"comment_status":"open","ping_status":"closed","sticky":false,"template":"","format":"standard","meta":{"footnotes":""},"categories":[2],"tags":[],"class_list":["post-3690","post","type-post","status-publish","format-standard","has-post-thumbnail","hentry","category-prensa-adf","even alt"],"_links":{"self":[{"href":"https:\/\/adfformosa.com.ar\/index.php?rest_route=\/wp\/v2\/posts\/3690","targetHints":{"allow":["GET"]}}],"collection":[{"href":"https:\/\/adfformosa.com.ar\/index.php?rest_route=\/wp\/v2\/posts"}],"about":[{"href":"https:\/\/adfformosa.com.ar\/index.php?rest_route=\/wp\/v2\/types\/post"}],"author":[{"embeddable":true,"href":"https:\/\/adfformosa.com.ar\/index.php?rest_route=\/wp\/v2\/users\/3"}],"replies":[{"embeddable":true,"href":"https:\/\/adfformosa.com.ar\/index.php?rest_route=%2Fwp%2Fv2%2Fcomments&post=3690"}],"version-history":[{"count":4,"href":"https:\/\/adfformosa.com.ar\/index.php?rest_route=\/wp\/v2\/posts\/3690\/revisions"}],"predecessor-version":[{"id":3707,"href":"https:\/\/adfformosa.com.ar\/index.php?rest_route=\/wp\/v2\/posts\/3690\/revisions\/3707"}],"wp:featuredmedia":[{"embeddable":true,"href":"https:\/\/adfformosa.com.ar\/index.php?rest_route=\/wp\/v2\/media\/3691"}],"wp:attachment":[{"href":"https:\/\/adfformosa.com.ar\/index.php?rest_route=%2Fwp%2Fv2%2Fmedia&parent=3690"}],"wp:term":[{"taxonomy":"category","embeddable":true,"href":"https:\/\/adfformosa.com.ar\/index.php?rest_route=%2Fwp%2Fv2%2Fcategories&post=3690"},{"taxonomy":"post_tag","embeddable":true,"href":"https:\/\/adfformosa.com.ar\/index.php?rest_route=%2Fwp%2Fv2%2Ftags&post=3690"}],"curies":[{"name":"wp","href":"https:\/\/api.w.org\/{rel}","templated":true}]}}