{"id":3672,"date":"2015-08-15T22:23:06","date_gmt":"2015-08-16T01:23:06","guid":{"rendered":"http:\/\/adfformosa.com.ar\/?p=3672"},"modified":"2015-08-24T09:27:19","modified_gmt":"2015-08-24T12:27:19","slug":"adf-participo-en-la-movilizacion-de-la-cta-al-congreso-de-la-nacion","status":"publish","type":"post","link":"https:\/\/adfformosa.com.ar\/?p=3672","title":{"rendered":"ADF particip\u00f3 en la movilizaci\u00f3n de la CTA al Congreso de la Naci\u00f3n"},"content":{"rendered":"<div id=\"s-share-buttons\" class=\"horizontal-w-c-r-border s-share-w-c\"><a href=\"http:\/\/www.facebook.com\/sharer.php?u=https:\/\/adfformosa.com.ar\/?p=3672\" target=\"_blank\" title=\"Share to Facebook\" class=\"s3-facebook hint--top\"><\/a><a href=\"http:\/\/twitter.com\/intent\/tweet?text=ADF particip\u00f3 en la movilizaci\u00f3n de la CTA al Congreso de la Naci\u00f3n&url=https:\/\/adfformosa.com.ar\/?p=3672\" target=\"_blank\"  title=\"Share to Twitter\" class=\"s3-twitter hint--top\"><\/a><a href=\"https:\/\/plus.google.com\/share?url=https:\/\/adfformosa.com.ar\/?p=3672\" target=\"_blank\"  title=\"Share to Google Plus\" class=\"s3-google-plus hint--top\"><\/a><a href=\"http:\/\/www.digg.com\/submit?url=https:\/\/adfformosa.com.ar\/?p=3672\" target=\"_blank\"  title=\"Share to Digg\" class=\"s3-digg hint--top\"><\/a><a href=\"http:\/\/www.tumblr.com\/share\/link?url=https%3A%2F%2Fadfformosa.com.ar%2F%3Fp%3D3672&name=ADF+particip%C3%B3+en+la+movilizaci%C3%B3n+de+la+CTA+al+Congreso+de+la+Naci%C3%B3n\" target=\"_blank\" title=\"Share to Tumblr\" class=\"s3-tumblr hint--top\"><\/a><a href=\"mailto:?Subject=ADF%20particip\u00f3%20en%20la%20movilizaci\u00f3n%20de%20la%20CTA%20al%20Congreso%20de%20la%20Naci\u00f3n&Body=Here%20is%20the%20link%20to%20the%20article:%20https:\/\/adfformosa.com.ar\/?p=3672\" title=\"Email this article\" class=\"s3-email hint--top\"><\/a><\/div><div class=\"ecxgmail_quote\" style=\"text-align: justify;\">Este jueves 13 de agosto, la CTA NACIONAL se moviliz\u00f3 al Congreso de la Naci\u00f3n para reclamar:<\/div>\n<ul>\n<li class=\"ecxgmail_quote\" style=\"text-align: justify;\">La continuidad de las Paritarias y las leyes que faltan.<\/li>\n<li class=\"ecxgmail_quote\" style=\"text-align: justify;\">Reclamar una reforma tributaria integral para que paguen los que m\u00e1s tienen &#8211; modificaci\u00f3n de la cuarta categor\u00eda del impuesto a las ganancias.<\/li>\n<li class=\"ecxgmail_quote\" style=\"text-align: justify;\">Destercerizaci\u00f3n del empleo.<\/li>\n<li class=\"ecxgmail_quote\" style=\"text-align: justify;\">Ampliaci\u00f3n de licencias parentales.<\/li>\n<li class=\"ecxgmail_quote\" style=\"text-align: justify;\">Defensa de las cooperativas de trabajo.<\/li>\n<\/ul>\n<div class=\"itemFullText\">\n<div id=\"attachment_3673\" style=\"width: 510px\" class=\"wp-caption aligncenter\"><img loading=\"lazy\" decoding=\"async\" aria-describedby=\"caption-attachment-3673\" class=\"wp-image-3673 size-full\" src=\"https:\/\/adfformosa.com.ar\/wp-content\/uploads\/2015\/08\/11822863_834617426645791_2669974972017454083_n-e1439861155645.jpg\" alt=\"\" width=\"500\" height=\"332\" \/><p id=\"caption-attachment-3673\" class=\"wp-caption-text\">Sonia Alesso,Secretaria General de la CTERA.<\/p><\/div>\n<\/div>\n<div class=\"ecxgmail_quote\">\nLa marcha estuvo encabezada por Hugo Yasky &#8211; Secretario General de la CTA Nacional.La concentraci\u00f3n comenz\u00f3 con una radio abierta frente al Congreso Nacional, Hugo Yasky \u00a0afirm\u00f3: \u00abLos trabajadores vamos a defender las paritarias. Ante grupos pol\u00edticos y econ\u00f3micos de derecha que quieren hacer retroceder nuestros derechos la CTA defender\u00e1 estos con la fuerza de los trabajadores.<\/div>\n<div class=\"ecxgmail_quote\">\n<div class=\"ecxgmail_quote\" style=\"text-align: justify;\">\n<p>Estamos en el Congreso para reclamar leyes fundamentales para la dignidad de los trabajadores. Queremos una reforma tributaria integral para que paguen los que m\u00e1s tienen.<\/p>\n<p>Es imprescindible que se termine la tercerizaci\u00f3n del empleo que crea injusticias, discriminaci\u00f3n y beneficio para las patronales.<\/p>\n<p>La ampliaci\u00f3n de licencias parentales es un reclamo de nuestra Central, debemos lograr iguales derechos para todos los trabajadores.<\/p>\n<p>Las cooperativas de trabajo son un ejemplo de econom\u00eda solidaria en manos de los trabajadores. Debemos buscar un resguardo legal para proteger y fomentar estas experiencias colectivas.\u00bb<\/p>\n<div id=\"attachment_3674\" style=\"width: 510px\" class=\"wp-caption aligncenter\"><img loading=\"lazy\" decoding=\"async\" aria-describedby=\"caption-attachment-3674\" class=\"wp-image-3674 size-full\" src=\"https:\/\/adfformosa.com.ar\/wp-content\/uploads\/2015\/08\/11898596_1638341403074460_8080930274339554937_n-e1439861314826.jpg\" alt=\"\" width=\"500\" height=\"332\" \/><p id=\"caption-attachment-3674\" class=\"wp-caption-text\">Mirta Marquez, Secretaria General Adjunta de ADF con los Compa\u00f1eros de Formosa .<\/p><\/div>\n<\/div>\n<div class=\"ecxgmail_quote\" style=\"text-align: justify;\">\u00a0La Secretaria General de CTERA, Sonia Alesso, expres\u00f3: \u00abLos trabajadores de la educaci\u00f3n de todo el pa\u00eds hemos venido a esta marcha para defender los derechos conquistados y para avanzar en las leyes que faltan. No vamos a permitir que ning\u00fan sector de poder cercene nuestros derechos. Estamos defendiendo las conquistas que logramos con nuestras luchas en la resistencia neoliberal y vamos a seguir peleando por lo que falta.\u00bb<\/div>\n<p>Los Secretarios Generales de las distintas delegaciones del interior del pa\u00eds hicieron uso de la palabra para manifestar su respaldo a la medida de la Central.<\/p>\n<p>La CTA NACIONAL particip\u00f3 de una audiencia con diputados en el Congreso de la Naci\u00f3n donde enumer\u00f3 sus reclamos.<\/p>\n<p><strong>Alejo Demichelis<\/strong><br \/>\n<strong> Secretario de Prensa<\/strong><\/p>\n<p><strong>Galer\u00eda de Fotos<\/strong><\/p>\n<p><img loading=\"lazy\" decoding=\"async\" class=\"aligncenter wp-image-3682 size-full\" src=\"https:\/\/adfformosa.com.ar\/wp-content\/uploads\/2015\/08\/marchacta130815_0220-e1439868952396.jpg\" alt=\"marchacta130815_0220\" width=\"600\" height=\"398\" \/><\/p>\n<p><img loading=\"lazy\" decoding=\"async\" class=\"aligncenter wp-image-3681 size-full\" src=\"https:\/\/adfformosa.com.ar\/wp-content\/uploads\/2015\/08\/marchacta130815_0265-e1439868966173.jpg\" alt=\"marchacta130815_0265\" width=\"600\" height=\"398\" \/><\/p>\n<p><img loading=\"lazy\" decoding=\"async\" class=\"aligncenter wp-image-3680 size-full\" src=\"https:\/\/adfformosa.com.ar\/wp-content\/uploads\/2015\/08\/marchacta130815_0249-e1439868978432.jpg\" alt=\"marchacta130815_0249\" width=\"600\" height=\"398\" \/><\/p>\n<p><img loading=\"lazy\" decoding=\"async\" class=\"aligncenter wp-image-3679 size-full\" src=\"https:\/\/adfformosa.com.ar\/wp-content\/uploads\/2015\/08\/image-2-e1439868991742.jpg\" alt=\"image (2)\" width=\"600\" height=\"338\" \/><\/p>\n<p><img loading=\"lazy\" decoding=\"async\" class=\"aligncenter wp-image-3678 size-full\" src=\"https:\/\/adfformosa.com.ar\/wp-content\/uploads\/2015\/08\/image-e1439869004331.jpg\" alt=\"image\" width=\"600\" height=\"337\" \/><\/p>\n<p><img loading=\"lazy\" decoding=\"async\" class=\"aligncenter wp-image-3677 size-full\" src=\"https:\/\/adfformosa.com.ar\/wp-content\/uploads\/2015\/08\/image-1-e1439869019208.jpg\" alt=\"image (1)\" width=\"533\" height=\"400\" \/><\/p>\n<p><img loading=\"lazy\" decoding=\"async\" class=\"aligncenter wp-image-3676 size-full\" src=\"https:\/\/adfformosa.com.ar\/wp-content\/uploads\/2015\/08\/11902566_834617429979124_2438607220276363512_n-e1439869038488.jpg\" alt=\"11902566_834617429979124_2438607220276363512_n\" width=\"600\" height=\"398\" \/><\/p>\n<p><img loading=\"lazy\" decoding=\"async\" class=\"aligncenter wp-image-3675 size-full\" src=\"https:\/\/adfformosa.com.ar\/wp-content\/uploads\/2015\/08\/11892266_834617183312482_6263764418480989555_n-1-e1439869051603.jpg\" alt=\"11892266_834617183312482_6263764418480989555_n (1)\" width=\"600\" height=\"398\" \/><\/p>\n<\/div>\n","protected":false},"excerpt":{"rendered":"<p>Este jueves 13 de agosto, la CTA NACIONAL se moviliz\u00f3 al Congreso de la Naci\u00f3n para reclamar: La continuidad de las Paritarias y las leyes que faltan. Reclamar una reforma&#8230; <span class=\"meta-more\"><a href=\"https:\/\/adfformosa.com.ar\/?p=3672\">Leer mas &raquo;<\/a><\/span><\/p>\n","protected":false},"author":3,"featured_media":3674,"comment_status":"open","ping_status":"closed","sticky":false,"template":"","format":"standard","meta":{"footnotes":""},"categories":[2],"tags":[],"class_list":["post-3672","post","type-post","status-publish","format-standard","has-post-thumbnail","hentry","category-prensa-adf","even alt"],"_links":{"self":[{"href":"https:\/\/adfformosa.com.ar\/index.php?rest_route=\/wp\/v2\/posts\/3672","targetHints":{"allow":["GET"]}}],"collection":[{"href":"https:\/\/adfformosa.com.ar\/index.php?rest_route=\/wp\/v2\/posts"}],"about":[{"href":"https:\/\/adfformosa.com.ar\/index.php?rest_route=\/wp\/v2\/types\/post"}],"author":[{"embeddable":true,"href":"https:\/\/adfformosa.com.ar\/index.php?rest_route=\/wp\/v2\/users\/3"}],"replies":[{"embeddable":true,"href":"https:\/\/adfformosa.com.ar\/index.php?rest_route=%2Fwp%2Fv2%2Fcomments&post=3672"}],"version-history":[{"count":6,"href":"https:\/\/adfformosa.com.ar\/index.php?rest_route=\/wp\/v2\/posts\/3672\/revisions"}],"predecessor-version":[{"id":3706,"href":"https:\/\/adfformosa.com.ar\/index.php?rest_route=\/wp\/v2\/posts\/3672\/revisions\/3706"}],"wp:featuredmedia":[{"embeddable":true,"href":"https:\/\/adfformosa.com.ar\/index.php?rest_route=\/wp\/v2\/media\/3674"}],"wp:attachment":[{"href":"https:\/\/adfformosa.com.ar\/index.php?rest_route=%2Fwp%2Fv2%2Fmedia&parent=3672"}],"wp:term":[{"taxonomy":"category","embeddable":true,"href":"https:\/\/adfformosa.com.ar\/index.php?rest_route=%2Fwp%2Fv2%2Fcategories&post=3672"},{"taxonomy":"post_tag","embeddable":true,"href":"https:\/\/adfformosa.com.ar\/index.php?rest_route=%2Fwp%2Fv2%2Ftags&post=3672"}],"curies":[{"name":"wp","href":"https:\/\/api.w.org\/{rel}","templated":true}]}}