{"id":3667,"date":"2015-08-14T22:14:05","date_gmt":"2015-08-15T01:14:05","guid":{"rendered":"http:\/\/adfformosa.com.ar\/?p=3667"},"modified":"2015-08-18T00:39:53","modified_gmt":"2015-08-18T03:39:53","slug":"congreso-ordinario-de-ctera-aprobo-por-amplia-mayoria-la-memoria-y-balance-del-2014-y-politica-gremial","status":"publish","type":"post","link":"https:\/\/adfformosa.com.ar\/?p=3667","title":{"rendered":"Congreso Ordinario de CTERA aprob\u00f3 por amplia mayor\u00eda la Memoria y Balance del 2014 y Pol\u00edtica Gremial"},"content":{"rendered":"<div id=\"s-share-buttons\" class=\"horizontal-w-c-r-border s-share-w-c\"><a href=\"http:\/\/www.facebook.com\/sharer.php?u=https:\/\/adfformosa.com.ar\/?p=3667\" target=\"_blank\" title=\"Share to Facebook\" class=\"s3-facebook hint--top\"><\/a><a href=\"http:\/\/twitter.com\/intent\/tweet?text=Congreso Ordinario de CTERA aprob\u00f3 por amplia mayor\u00eda la Memoria y Balance del 2014 y Pol\u00edtica Gremial&url=https:\/\/adfformosa.com.ar\/?p=3667\" target=\"_blank\"  title=\"Share to Twitter\" class=\"s3-twitter hint--top\"><\/a><a href=\"https:\/\/plus.google.com\/share?url=https:\/\/adfformosa.com.ar\/?p=3667\" target=\"_blank\"  title=\"Share to Google Plus\" class=\"s3-google-plus hint--top\"><\/a><a href=\"http:\/\/www.digg.com\/submit?url=https:\/\/adfformosa.com.ar\/?p=3667\" target=\"_blank\"  title=\"Share to Digg\" class=\"s3-digg hint--top\"><\/a><a href=\"http:\/\/www.tumblr.com\/share\/link?url=https%3A%2F%2Fadfformosa.com.ar%2F%3Fp%3D3667&name=Congreso+Ordinario+de+CTERA+aprob%C3%B3+por+amplia+mayor%C3%ADa+la+Memoria+y+Balance+del+2014+y+Pol%C3%ADtica+Gremial\" target=\"_blank\" title=\"Share to Tumblr\" class=\"s3-tumblr hint--top\"><\/a><a href=\"mailto:?Subject=Congreso%20Ordinario%20de%20CTERA%20aprob\u00f3%20por%20amplia%20mayor\u00eda%20la%20Memoria%20y%20Balance%20del%202014%20y%20Pol\u00edtica%20Gremial&Body=Here%20is%20the%20link%20to%20the%20article:%20https:\/\/adfformosa.com.ar\/?p=3667\" title=\"Email this article\" class=\"s3-email hint--top\"><\/a><\/div><div class=\"itemIntroText\">\n<h3 style=\"text-align: center;\">ADF en el XXXIII Congreso Ordinario de la CTERA<\/h3>\n<div id=\"attachment_3668\" style=\"width: 610px\" class=\"wp-caption aligncenter\"><img loading=\"lazy\" decoding=\"async\" aria-describedby=\"caption-attachment-3668\" class=\"wp-image-3668\" src=\"https:\/\/adfformosa.com.ar\/wp-content\/uploads\/2015\/08\/11880637_909552219116033_3039430658923418842_n-e1439860768108.jpg\" alt=\"\" width=\"600\" height=\"337\" \/><p id=\"caption-attachment-3668\" class=\"wp-caption-text\">ADF -Congreso Ordinario de la CTERA 2015<\/p><\/div>\n<p style=\"text-align: justify;\">El jueves 13 sesion\u00f3 el XXXIII Congreso Ordinario de CTERA y fueron aprobados por ampl\u00edsima mayor\u00eda la Memoria y Balance del 2014 y tambi\u00e9n la Pol\u00edtica Gremial a desarrollarse.<\/p>\n<p style=\"text-align: justify;\">La Secretaria General de CTERA, Sonia Alesso, hizo una pormenorizada recopilaci\u00f3n de lo que nuestra organizaci\u00f3n realiz\u00f3 en el a\u00f1o 2014. Sus acciones gremiales, educativas, en derechos humanos, en pol\u00edtica internacional, en la formaci\u00f3n de nuestras compa\u00f1eras y compa\u00f1eros.<\/p>\n<p style=\"text-align: justify;\">\u00abQuiero empezar este Congreso recordando a nuestra querida compa\u00f1era Stella Maldonado, cuadro pol\u00edtico y pedag\u00f3gico de nuestra organizaci\u00f3n. Una militante con may\u00fascula que ha sabido llevar adelante este trabajo colectivo que realizamos en el 2014.<\/p>\n<div id=\"attachment_3669\" style=\"width: 610px\" class=\"wp-caption aligncenter\"><img loading=\"lazy\" decoding=\"async\" aria-describedby=\"caption-attachment-3669\" class=\"wp-image-3669\" src=\"https:\/\/adfformosa.com.ar\/wp-content\/uploads\/2015\/08\/20150813_113155-e1439869130109.jpg\" alt=\"\" width=\"600\" height=\"450\" \/><p id=\"caption-attachment-3669\" class=\"wp-caption-text\">Sonia Alesso, Secretaria General de la CTERA, Apertura del Congreso Ordinario 2015-<\/p><\/div>\n<\/div>\n<div class=\"itemFullText\">\n<div>\n<p style=\"text-align: justify;\">\n<p style=\"text-align: justify;\">Estamos hoy ac\u00e1 debatiendo nuestra Memoria y Balance del a\u00f1o 2014 y la Pol\u00edtica Gremial para el a\u00f1o 2015, en un d\u00eda donde nos movilizaremos al Congreso de la Naci\u00f3n para defender nuestras conquistas producto de nuestra resistencia y lucha pero tambi\u00e9n para reclamar por las leyes que faltan: una reforma tributaria integral para que paguen los que m\u00e1s tienen &#8211; modificaci\u00f3n de la cuarta categor\u00eda del impuesto a las ganancias, la destercerizaci\u00f3n del empleo, la ampliaci\u00f3n de licencias parentales y la defensa de las cooperativas de trabajo.<\/p>\n<p style=\"text-align: justify;\">Nuestra organizaci\u00f3n seguir\u00e1 defendiendo los derechos de los trabajadores de la educaci\u00f3n, la escuela p\u00fablica como derecho social y la profundizaci\u00f3n del Movimiento Pedag\u00f3gico, como pilares de nuestras acciones.\u00bb<\/p>\n<p style=\"text-align: justify;\">Antes del an\u00e1lisis de los Congresales de CTERA sobre la Memoria, el Balance y la Pol\u00edtica Gremial, los congresales por ATEN Neuqu\u00e9n, Sandra Rodr\u00edguez de Fuentealba y Marcelo Guagliardo, realizaron un informe sobre la Causa Fuentealba II a todos los compa\u00f1eros presentes.<\/p>\n<p style=\"text-align: justify;\"><strong>Alejo Demichelis<\/strong><br \/>\n<strong>Secretario de Prensa<\/strong><\/p>\n<\/div>\n<\/div>\n","protected":false},"excerpt":{"rendered":"<p>ADF en el XXXIII Congreso Ordinario de la CTERA El jueves 13 sesion\u00f3 el XXXIII Congreso Ordinario de CTERA y fueron aprobados por ampl\u00edsima mayor\u00eda la Memoria y Balance del&#8230; <span class=\"meta-more\"><a href=\"https:\/\/adfformosa.com.ar\/?p=3667\">Leer mas &raquo;<\/a><\/span><\/p>\n","protected":false},"author":3,"featured_media":3668,"comment_status":"open","ping_status":"closed","sticky":false,"template":"","format":"standard","meta":{"footnotes":""},"categories":[2],"tags":[],"class_list":["post-3667","post","type-post","status-publish","format-standard","has-post-thumbnail","hentry","category-prensa-adf","even alt"],"_links":{"self":[{"href":"https:\/\/adfformosa.com.ar\/index.php?rest_route=\/wp\/v2\/posts\/3667","targetHints":{"allow":["GET"]}}],"collection":[{"href":"https:\/\/adfformosa.com.ar\/index.php?rest_route=\/wp\/v2\/posts"}],"about":[{"href":"https:\/\/adfformosa.com.ar\/index.php?rest_route=\/wp\/v2\/types\/post"}],"author":[{"embeddable":true,"href":"https:\/\/adfformosa.com.ar\/index.php?rest_route=\/wp\/v2\/users\/3"}],"replies":[{"embeddable":true,"href":"https:\/\/adfformosa.com.ar\/index.php?rest_route=%2Fwp%2Fv2%2Fcomments&post=3667"}],"version-history":[{"count":3,"href":"https:\/\/adfformosa.com.ar\/index.php?rest_route=\/wp\/v2\/posts\/3667\/revisions"}],"predecessor-version":[{"id":3687,"href":"https:\/\/adfformosa.com.ar\/index.php?rest_route=\/wp\/v2\/posts\/3667\/revisions\/3687"}],"wp:featuredmedia":[{"embeddable":true,"href":"https:\/\/adfformosa.com.ar\/index.php?rest_route=\/wp\/v2\/media\/3668"}],"wp:attachment":[{"href":"https:\/\/adfformosa.com.ar\/index.php?rest_route=%2Fwp%2Fv2%2Fmedia&parent=3667"}],"wp:term":[{"taxonomy":"category","embeddable":true,"href":"https:\/\/adfformosa.com.ar\/index.php?rest_route=%2Fwp%2Fv2%2Fcategories&post=3667"},{"taxonomy":"post_tag","embeddable":true,"href":"https:\/\/adfformosa.com.ar\/index.php?rest_route=%2Fwp%2Fv2%2Ftags&post=3667"}],"curies":[{"name":"wp","href":"https:\/\/api.w.org\/{rel}","templated":true}]}}