{"id":3661,"date":"2015-08-05T19:49:31","date_gmt":"2015-08-05T22:49:31","guid":{"rendered":"http:\/\/adfformosa.com.ar\/?p=3661"},"modified":"2015-08-05T19:49:31","modified_gmt":"2015-08-05T22:49:31","slug":"luis-branchi-el-gremio-ya-cuenta-con-la-lista-de-los-docentes-titularizados-y-trabajamos-para-que-los-concursos-se-realicen-este-ano","status":"publish","type":"post","link":"https:\/\/adfformosa.com.ar\/?p=3661","title":{"rendered":"Luis Branchi \u00abEl gremio ya cuenta con la lista de los docentes titularizados y trabajamos para que los concursos se realicen este a\u00f1o\u00bb"},"content":{"rendered":"<div id=\"s-share-buttons\" class=\"horizontal-w-c-r-border s-share-w-c\"><a href=\"http:\/\/www.facebook.com\/sharer.php?u=https:\/\/adfformosa.com.ar\/?p=3661\" target=\"_blank\" title=\"Share to Facebook\" class=\"s3-facebook hint--top\"><\/a><a href=\"http:\/\/twitter.com\/intent\/tweet?text=Luis Branchi \u00abEl gremio ya cuenta con la lista de los docentes titularizados y trabajamos para que los concursos se realicen este a\u00f1o\u00bb&url=https:\/\/adfformosa.com.ar\/?p=3661\" target=\"_blank\"  title=\"Share to Twitter\" class=\"s3-twitter hint--top\"><\/a><a href=\"https:\/\/plus.google.com\/share?url=https:\/\/adfformosa.com.ar\/?p=3661\" target=\"_blank\"  title=\"Share to Google Plus\" class=\"s3-google-plus hint--top\"><\/a><a href=\"http:\/\/www.digg.com\/submit?url=https:\/\/adfformosa.com.ar\/?p=3661\" target=\"_blank\"  title=\"Share to Digg\" class=\"s3-digg hint--top\"><\/a><a href=\"http:\/\/www.tumblr.com\/share\/link?url=https%3A%2F%2Fadfformosa.com.ar%2F%3Fp%3D3661&name=Luis+Branchi+%C2%ABEl+gremio+ya+cuenta+con+la+lista+de+los+docentes+titularizados+y+trabajamos+para+que+los+concursos+se+realicen+este+a%C3%B1o%C2%BB\" target=\"_blank\" title=\"Share to Tumblr\" class=\"s3-tumblr hint--top\"><\/a><a href=\"mailto:?Subject=Luis%20Branchi%20\u00abEl%20gremio%20ya%20cuenta%20con%20la%20lista%20de%20los%20docentes%20titularizados%20y%20trabajamos%20para%20que%20los%20concursos%20se%20realicen%20este%20a\u00f1o\u00bb&Body=Here%20is%20the%20link%20to%20the%20article:%20https:\/\/adfformosa.com.ar\/?p=3661\" title=\"Email this article\" class=\"s3-email hint--top\"><\/a><\/div><p>El secretario general de ADF, Luis Branchi adelanto en FM Nueva Provincia que la agremiaci\u00f3n ya cuenta con la lista de los 551 docentes titularizados y que \u00abse est\u00e1 enviando a todas las coordinaciones de la agremiaci\u00f3n de docentes del interior. De esta manera los compa\u00f1eros tendr\u00e1n la posibilidad de consultar en cada filial\u00bbal tiempo que se\u00f1al\u00f3 que \u00abse contin\u00faa trabajando para normalizar el sistema y que permita llegar este a\u00f1o a los concursos de cargos\u00bb.<\/p>\n<div id=\"attachment_3662\" style=\"width: 660px\" class=\"wp-caption aligncenter\"><img loading=\"lazy\" decoding=\"async\" aria-describedby=\"caption-attachment-3662\" class=\"wp-image-3662 size-full\" src=\"https:\/\/adfformosa.com.ar\/wp-content\/uploads\/2015\/08\/040815_101928.jpg\" alt=\"040815_101928\" width=\"650\" height=\"390\" srcset=\"https:\/\/adfformosa.com.ar\/wp-content\/uploads\/2015\/08\/040815_101928.jpg 650w, https:\/\/adfformosa.com.ar\/wp-content\/uploads\/2015\/08\/040815_101928-300x180.jpg 300w\" sizes=\"auto, (max-width: 650px) 100vw, 650px\" \/><p id=\"caption-attachment-3662\" class=\"wp-caption-text\">Luis Branchi Secretario General ADF<\/p><\/div>\n<p style=\"text-align: justify;\">Asimismo destac\u00f3 que \u00abotra de las cosas logradas fue la normalizaci\u00f3n de las Juntas de Clasificaci\u00f3n y Disciplina que apunta a lograr lo que se anuncio\u00bb<br \/>\nEl dirigente gremial explic\u00f3 que \u00abfalta definir ,aproximadamente,los casos de otros 600 compa\u00f1eros, se est\u00e1 haciendo el seguimiento del procesos y esperamos que en un corto plazo puedan llegar a la titularizaci\u00f3n\u00bb<\/p>\n<h3 style=\"text-align: justify;\">\n<span style=\"text-decoration: underline;\">Asistencia en Servicio para afiliados<\/span><\/h3>\n<p style=\"text-align: justify;\">Branchi,se\u00f1al\u00f3 que \u00abse est\u00e1n dando charlas a los afiliados para el pr\u00f3ximo proceso que llegar\u00e1 .Son los concursos de ascensos. Los mismos se est\u00e1n desarrollando tanto en el interior y en capital, hoy a las 18 horas en la Escuela 240 el aspecto pedag\u00f3gico y el jueves a la misma hora y en la misma escuela sobre la parte administrativa. Se est\u00e1 trabajando para que el proceso contin\u00fae y para que los colegas tengan la posibilidad de conocer aun m\u00e1s sobre estos temas puntuales, y lleguen bien preparados a concursar\u00bb<\/p>\n<h3 style=\"text-align: justify;\"><span style=\"text-decoration: underline;\">Congreso Pedag\u00f3gico<\/span><\/h3>\n<p style=\"text-align: justify;\">\nPor otra parte, Branchi respondi\u00f3 a quienes afirmaron que el Congreso Pedag\u00f3gico fue un acto pol\u00edtico \u00abtodos los actos son pol\u00edticos, no podemos olvidar que la pol\u00edtica dise\u00f1a la pol\u00edtica educativa, social, econ\u00f3mica, de salud. Y las muestras estuvieron a la vista con el acompa\u00f1amiento de mas de 5000 colegas\u00bb.<\/p>\n<p style=\"text-align: justify;\">Del mismo modo, asegur\u00f3 que los docentes est\u00e1n cobrando el 82 % m\u00f3vil en Formosa \u00a0\u00abhay sumas fijas no remunerativas que no se est\u00e1n cobrando pero por ejemplo de esas sumas este a\u00f1o pas\u00f3 a valor punto \u00edndice m\u00e1s del 40 %. Formosa es una de las pocas provincias que tiene en el mismo mes que pasa a valor punto \u00edndice y pasa a cobrar el docente jubilado\u00bb subray\u00f3.<\/p>\n<p style=\"text-align: justify;\">Fuente: FM Nueva Provincia.<\/p>\n<p>&nbsp;<\/p>\n","protected":false},"excerpt":{"rendered":"<p>El secretario general de ADF, Luis Branchi adelanto en FM Nueva Provincia que la agremiaci\u00f3n ya cuenta con la lista de los 551 docentes titularizados y que \u00abse est\u00e1 enviando&#8230; <span class=\"meta-more\"><a href=\"https:\/\/adfformosa.com.ar\/?p=3661\">Leer mas &raquo;<\/a><\/span><\/p>\n","protected":false},"author":3,"featured_media":3662,"comment_status":"open","ping_status":"closed","sticky":false,"template":"","format":"standard","meta":{"footnotes":""},"categories":[2],"tags":[],"class_list":["post-3661","post","type-post","status-publish","format-standard","has-post-thumbnail","hentry","category-prensa-adf","even alt"],"_links":{"self":[{"href":"https:\/\/adfformosa.com.ar\/index.php?rest_route=\/wp\/v2\/posts\/3661","targetHints":{"allow":["GET"]}}],"collection":[{"href":"https:\/\/adfformosa.com.ar\/index.php?rest_route=\/wp\/v2\/posts"}],"about":[{"href":"https:\/\/adfformosa.com.ar\/index.php?rest_route=\/wp\/v2\/types\/post"}],"author":[{"embeddable":true,"href":"https:\/\/adfformosa.com.ar\/index.php?rest_route=\/wp\/v2\/users\/3"}],"replies":[{"embeddable":true,"href":"https:\/\/adfformosa.com.ar\/index.php?rest_route=%2Fwp%2Fv2%2Fcomments&post=3661"}],"version-history":[{"count":1,"href":"https:\/\/adfformosa.com.ar\/index.php?rest_route=\/wp\/v2\/posts\/3661\/revisions"}],"predecessor-version":[{"id":3663,"href":"https:\/\/adfformosa.com.ar\/index.php?rest_route=\/wp\/v2\/posts\/3661\/revisions\/3663"}],"wp:featuredmedia":[{"embeddable":true,"href":"https:\/\/adfformosa.com.ar\/index.php?rest_route=\/wp\/v2\/media\/3662"}],"wp:attachment":[{"href":"https:\/\/adfformosa.com.ar\/index.php?rest_route=%2Fwp%2Fv2%2Fmedia&parent=3661"}],"wp:term":[{"taxonomy":"category","embeddable":true,"href":"https:\/\/adfformosa.com.ar\/index.php?rest_route=%2Fwp%2Fv2%2Fcategories&post=3661"},{"taxonomy":"post_tag","embeddable":true,"href":"https:\/\/adfformosa.com.ar\/index.php?rest_route=%2Fwp%2Fv2%2Ftags&post=3661"}],"curies":[{"name":"wp","href":"https:\/\/api.w.org\/{rel}","templated":true}]}}