{"id":3644,"date":"2015-07-30T20:43:35","date_gmt":"2015-07-30T23:43:35","guid":{"rendered":"http:\/\/adfformosa.com.ar\/?p=3644"},"modified":"2015-07-30T21:15:07","modified_gmt":"2015-07-31T00:15:07","slug":"conferencias-programadas-para-este-viernes-en-el-segundo-congreso-pedagogico-provincial","status":"publish","type":"post","link":"https:\/\/adfformosa.com.ar\/?p=3644","title":{"rendered":"Conferencias programadas para este viernes en el  \u00abSegundo Congreso Pedag\u00f3gico Provincial\u00bb"},"content":{"rendered":"<div id=\"s-share-buttons\" class=\"horizontal-w-c-r-border s-share-w-c\"><a href=\"http:\/\/www.facebook.com\/sharer.php?u=https:\/\/adfformosa.com.ar\/?p=3644\" target=\"_blank\" title=\"Share to Facebook\" class=\"s3-facebook hint--top\"><\/a><a href=\"http:\/\/twitter.com\/intent\/tweet?text=Conferencias programadas para este viernes en el  \u00abSegundo Congreso Pedag\u00f3gico Provincial\u00bb&url=https:\/\/adfformosa.com.ar\/?p=3644\" target=\"_blank\"  title=\"Share to Twitter\" class=\"s3-twitter hint--top\"><\/a><a href=\"https:\/\/plus.google.com\/share?url=https:\/\/adfformosa.com.ar\/?p=3644\" target=\"_blank\"  title=\"Share to Google Plus\" class=\"s3-google-plus hint--top\"><\/a><a href=\"http:\/\/www.digg.com\/submit?url=https:\/\/adfformosa.com.ar\/?p=3644\" target=\"_blank\"  title=\"Share to Digg\" class=\"s3-digg hint--top\"><\/a><a href=\"http:\/\/www.tumblr.com\/share\/link?url=https%3A%2F%2Fadfformosa.com.ar%2F%3Fp%3D3644&name=Conferencias+programadas+para+este+viernes+en+el++%C2%ABSegundo+Congreso+Pedag%C3%B3gico+Provincial%C2%BB\" target=\"_blank\" title=\"Share to Tumblr\" class=\"s3-tumblr hint--top\"><\/a><a href=\"mailto:?Subject=Conferencias%20programadas%20para%20este%20viernes%20en%20el%20%20\u00abSegundo%20Congreso%20Pedag\u00f3gico%20Provincial\u00bb&Body=Here%20is%20the%20link%20to%20the%20article:%20https:\/\/adfformosa.com.ar\/?p=3644\" title=\"Email this article\" class=\"s3-email hint--top\"><\/a><\/div><div id=\"attachment_3645\" style=\"width: 610px\" class=\"wp-caption aligncenter\"><img loading=\"lazy\" decoding=\"async\" aria-describedby=\"caption-attachment-3645\" class=\"wp-image-3645 size-full\" src=\"https:\/\/adfformosa.com.ar\/wp-content\/uploads\/2015\/07\/11228502_840431519357043_2546307517997407292_n-e1438301579709.jpg\" alt=\"11228502_840431519357043_2546307517997407292_n\" width=\"600\" height=\"424\" \/><p id=\"caption-attachment-3645\" class=\"wp-caption-text\">30-31 y 1 agosto 2015- FORMOSA.<\/p><\/div>\n<p><span style=\"color: #000000;\">Este viernes 31 se desarrollar\u00e1 la segunda jornada del Congreso Pedag\u00f3gico en el Estadio Cincuentenario con el siguiente programa:<\/span><\/p>\n<p><strong><span style=\"text-decoration: underline; color: #000000;\">08:00 &#8211; Acreditaciones<\/span><\/strong><\/p>\n<p><span style=\"color: #000000;\"><strong>09:00 &#8211; <\/strong>Conferencia a cargo de la profesora Marisa del Carmen D\u00edaz-Subsecretaria de Planeamiento Educativo \u00bb La Evaluaci\u00f3n en el marco del enfoque de desarrollo de capacidades\u00bb<\/span><\/p>\n<p><span style=\"color: #000000;\"><strong>10:00 &#8211; <\/strong>Conferencia de la Licenciada Ver\u00f3nica Piovani ,Directora Ejecutiva del Instituto Nacional de Formaci\u00f3n Docente.<\/span><\/p>\n<p><span style=\"color: #000000;\"><strong>11:00 &#8211;<\/strong> Conferencia \u00bb Pol\u00edtica Educativas Nivel Primario: El cuidado de las trayectorias escolares,sus logros y desaf\u00edos\u00bb a cargo de la Licenciada Silvia Storino Directora Nacional de Educaci\u00f3n Primaria .<\/span><\/p>\n<p><span style=\"color: #000000;\"><strong>12:00 &#8211;<\/strong> Conferencia \u00abLas oportunidades educativas: Reflexiones sobre el juego y la ense\u00f1anza\u00bb Mg Ver\u00f3nica Batiuk-<\/span><\/p>\n<p><span style=\"color: #000000;\">Especialista en Educaci\u00f3n Infantil-Organizaci\u00f3n de los Estados Iberoamericanos para la Educaci\u00f3n ,Ciencia y Tecnolog\u00eda.<\/span><\/p>\n<p><span style=\"color: #000000;\"><strong>14:00 &#8211; <\/strong>Conferencia \u00bb La Educaci\u00f3n Art\u00edstica en el sistema educativo Argentino: Alcances de las pol\u00edticas actuales y desaf\u00edos\u00bb- Profesora Alejandra Catibela de la Coordinaci\u00f3n Nacional de Educaci\u00f3n Art\u00edstica.<\/span><\/p>\n<p><span style=\"color: #000000;\"><strong>15:00 &#8211; <\/strong>Conferencia \u00bb La Evoluci\u00f3n de \u00a0capacidades t\u00e9cnicas en la formaci\u00f3n t\u00e9cnica profesional\u00bb Mg Beatriz Uralde- Coordinadora Nacional de FINESTEC.<\/span><\/p>\n<p><span style=\"color: #000000;\"><strong>16:00 &#8211; <\/strong>Conferencia \u00bb Ense\u00f1anza de las ciencias en campamentos\u00bb Dr. Rodrigo Laje- Pte de la Asociaci\u00f3n Expedici\u00f3n Ciencia.<\/span><\/p>\n<p><span style=\"color: #000000;\"><strong>17:00 &#8211; <\/strong>Conferencia \u00abLa pol\u00edtica en la escuela: J\u00f3venes,participaci\u00f3n y ciudadan\u00eda en el espacio escolar\u00bb Dr. Fernando Nu\u00f1ez- FLACSO.<\/span><\/p>\n<p><strong><span style=\"text-decoration: underline; color: #000000;\">S\u00c1BADO 1 DE AGOSTO<\/span><\/strong><\/p>\n<p><span style=\"color: #000000;\"><strong>08:00\u00a0&#8211;\u00a0<\/strong>Acreditaci\u00f3n<\/span><\/p>\n<p><span style=\"color: #000000;\"><strong>08:30\u00a0&#8211;<\/strong> Conferencia \u00bb Socorrooo, tengo alumnos adolescentes\u00bb Dr.Roberto Rosler<\/span><\/p>\n<p><span style=\"color: #000000;\"><strong>10:00\u00a0&#8211;<\/strong> Videoconferencia con el Dr.Diego Golombek<\/span><\/p>\n<p><span style=\"color: #000000;\"><strong>10:30 &#8211;<\/strong> \u00abLa educaci\u00f3n formose\u00f1a 2020: Una escuela humana y humanizadora,donde se disfruta de ense\u00f1ar y aprender\u00bb a cargo del Dr. Alberto Zorrilla-Ministro de Cultura y Educaci\u00f3n de la provincia de Formosa.<\/span><\/p>\n<p><span style=\"color: #000000;\"><strong>11:30 &#8211;<\/strong> N\u00fameros art\u00edsticos.<\/span><\/p>\n<p><span style=\"color: #000000;\"><strong>12:00 &#8211;<\/strong> Acto clausura del Segundo Congreso Pedag\u00f3gico Provincial 2015.<\/span><\/p>\n","protected":false},"excerpt":{"rendered":"<p>Este viernes 31 se desarrollar\u00e1 la segunda jornada del Congreso Pedag\u00f3gico en el Estadio Cincuentenario con el siguiente programa: 08:00 &#8211; Acreditaciones 09:00 &#8211; Conferencia a cargo de la profesora&#8230; <span class=\"meta-more\"><a href=\"https:\/\/adfformosa.com.ar\/?p=3644\">Leer mas &raquo;<\/a><\/span><\/p>\n","protected":false},"author":3,"featured_media":3645,"comment_status":"open","ping_status":"closed","sticky":false,"template":"","format":"standard","meta":{"footnotes":""},"categories":[2],"tags":[],"class_list":["post-3644","post","type-post","status-publish","format-standard","has-post-thumbnail","hentry","category-prensa-adf","even alt"],"_links":{"self":[{"href":"https:\/\/adfformosa.com.ar\/index.php?rest_route=\/wp\/v2\/posts\/3644","targetHints":{"allow":["GET"]}}],"collection":[{"href":"https:\/\/adfformosa.com.ar\/index.php?rest_route=\/wp\/v2\/posts"}],"about":[{"href":"https:\/\/adfformosa.com.ar\/index.php?rest_route=\/wp\/v2\/types\/post"}],"author":[{"embeddable":true,"href":"https:\/\/adfformosa.com.ar\/index.php?rest_route=\/wp\/v2\/users\/3"}],"replies":[{"embeddable":true,"href":"https:\/\/adfformosa.com.ar\/index.php?rest_route=%2Fwp%2Fv2%2Fcomments&post=3644"}],"version-history":[{"count":3,"href":"https:\/\/adfformosa.com.ar\/index.php?rest_route=\/wp\/v2\/posts\/3644\/revisions"}],"predecessor-version":[{"id":3649,"href":"https:\/\/adfformosa.com.ar\/index.php?rest_route=\/wp\/v2\/posts\/3644\/revisions\/3649"}],"wp:featuredmedia":[{"embeddable":true,"href":"https:\/\/adfformosa.com.ar\/index.php?rest_route=\/wp\/v2\/media\/3645"}],"wp:attachment":[{"href":"https:\/\/adfformosa.com.ar\/index.php?rest_route=%2Fwp%2Fv2%2Fmedia&parent=3644"}],"wp:term":[{"taxonomy":"category","embeddable":true,"href":"https:\/\/adfformosa.com.ar\/index.php?rest_route=%2Fwp%2Fv2%2Fcategories&post=3644"},{"taxonomy":"post_tag","embeddable":true,"href":"https:\/\/adfformosa.com.ar\/index.php?rest_route=%2Fwp%2Fv2%2Ftags&post=3644"}],"curies":[{"name":"wp","href":"https:\/\/api.w.org\/{rel}","templated":true}]}}