{"id":3637,"date":"2015-07-30T20:18:41","date_gmt":"2015-07-30T23:18:41","guid":{"rendered":"http:\/\/adfformosa.com.ar\/?p=3637"},"modified":"2015-07-30T21:16:42","modified_gmt":"2015-07-31T00:16:42","slug":"con-importantes-anuncios-comenzo-el-segundo-congreso-pedagogico-provincial","status":"publish","type":"post","link":"https:\/\/adfformosa.com.ar\/?p=3637","title":{"rendered":"Con importantes anuncios comenz\u00f3 el Segundo Congreso Pedag\u00f3gico Provincial"},"content":{"rendered":"<div id=\"s-share-buttons\" class=\"horizontal-w-c-r-border s-share-w-c\"><a href=\"http:\/\/www.facebook.com\/sharer.php?u=https:\/\/adfformosa.com.ar\/?p=3637\" target=\"_blank\" title=\"Share to Facebook\" class=\"s3-facebook hint--top\"><\/a><a href=\"http:\/\/twitter.com\/intent\/tweet?text=Con importantes anuncios comenz\u00f3 el Segundo Congreso Pedag\u00f3gico Provincial&url=https:\/\/adfformosa.com.ar\/?p=3637\" target=\"_blank\"  title=\"Share to Twitter\" class=\"s3-twitter hint--top\"><\/a><a href=\"https:\/\/plus.google.com\/share?url=https:\/\/adfformosa.com.ar\/?p=3637\" target=\"_blank\"  title=\"Share to Google Plus\" class=\"s3-google-plus hint--top\"><\/a><a href=\"http:\/\/www.digg.com\/submit?url=https:\/\/adfformosa.com.ar\/?p=3637\" target=\"_blank\"  title=\"Share to Digg\" class=\"s3-digg hint--top\"><\/a><a href=\"http:\/\/www.tumblr.com\/share\/link?url=https%3A%2F%2Fadfformosa.com.ar%2F%3Fp%3D3637&name=Con+importantes+anuncios+comenz%C3%B3+el+Segundo+Congreso+Pedag%C3%B3gico+Provincial\" target=\"_blank\" title=\"Share to Tumblr\" class=\"s3-tumblr hint--top\"><\/a><a href=\"mailto:?Subject=Con%20importantes%20anuncios%20comenz\u00f3%20el%20Segundo%20Congreso%20Pedag\u00f3gico%20Provincial&Body=Here%20is%20the%20link%20to%20the%20article:%20https:\/\/adfformosa.com.ar\/?p=3637\" title=\"Email this article\" class=\"s3-email hint--top\"><\/a><\/div><div id=\"attachment_3640\" style=\"width: 610px\" class=\"wp-caption aligncenter\"><img loading=\"lazy\" decoding=\"async\" aria-describedby=\"caption-attachment-3640\" class=\"wp-image-3640 size-full\" src=\"https:\/\/adfformosa.com.ar\/wp-content\/uploads\/2015\/07\/Insfran-e1438298063729.jpg\" alt=\"Insfran\" width=\"600\" height=\"400\" \/><p id=\"caption-attachment-3640\" class=\"wp-caption-text\">Gobernador Gildo Insfr\u00e1n \u00abApertura SegundoCongreso Pedag\u00f3gico Provincial\u00bb 2015<\/p><\/div>\n<p style=\"text-align: justify;\">Este mediod\u00eda en el Estadio Cincuentenario el Gobernador Insfr\u00e1n dio apertura al Segundo Congreso Pedag\u00f3gico Provincial.<\/p>\n<p style=\"text-align: justify;\">Estuvo acompa\u00f1ado del Ministro de Cultura y Educaci\u00f3n de la Naci\u00f3n Alberto Sileoni, el Secretario de Educaci\u00f3n Licenciado Jaime Perczyk,el Ministro de Cultura y Educaci\u00f3n de la Provincia Dr. Alberto Zorrilla y miembros del gabinete provincial.<\/p>\n<p style=\"text-align: justify;\">El mandatario anuncio que suscribi\u00f3 el decreto a trav\u00e9s del cual se dispone la titularizaci\u00f3n de 551 docentes.<\/p>\n<div id=\"attachment_3641\" style=\"width: 610px\" class=\"wp-caption aligncenter\"><img loading=\"lazy\" decoding=\"async\" aria-describedby=\"caption-attachment-3641\" class=\"wp-image-3641 size-full\" src=\"https:\/\/adfformosa.com.ar\/wp-content\/uploads\/2015\/07\/aa-congreso-2-e1438301729569.jpg\" alt=\"aa congreso-2\" width=\"600\" height=\"400\" \/><p id=\"caption-attachment-3641\" class=\"wp-caption-text\">Anunciaron la titularizaci\u00f3n de 551 docentes<\/p><\/div>\n<p style=\"text-align: justify;\">Docentes que a trav\u00e9s de esta medida lograr\u00e1n seguridad y estabilidad en sus funciones.<\/p>\n<p style=\"text-align: justify;\">Dijo \u00a0Insfr\u00e1n \u00abque todos estos logros son el resultado del dialogo permanente con los gremios docentes.Al menos con los que se avienen a dialogar, porque hay otros que adoptan otra actitud, y los respetamos, incluso aprendemos de sus cr\u00edticas\u201d.<\/p>\n","protected":false},"excerpt":{"rendered":"<p>Este mediod\u00eda en el Estadio Cincuentenario el Gobernador Insfr\u00e1n dio apertura al Segundo Congreso Pedag\u00f3gico Provincial. Estuvo acompa\u00f1ado del Ministro de Cultura y Educaci\u00f3n de la Naci\u00f3n Alberto Sileoni, el&#8230; <span class=\"meta-more\"><a href=\"https:\/\/adfformosa.com.ar\/?p=3637\">Leer mas &raquo;<\/a><\/span><\/p>\n","protected":false},"author":3,"featured_media":3640,"comment_status":"open","ping_status":"closed","sticky":false,"template":"","format":"standard","meta":{"footnotes":""},"categories":[2],"tags":[],"class_list":["post-3637","post","type-post","status-publish","format-standard","has-post-thumbnail","hentry","category-prensa-adf","even alt"],"_links":{"self":[{"href":"https:\/\/adfformosa.com.ar\/index.php?rest_route=\/wp\/v2\/posts\/3637","targetHints":{"allow":["GET"]}}],"collection":[{"href":"https:\/\/adfformosa.com.ar\/index.php?rest_route=\/wp\/v2\/posts"}],"about":[{"href":"https:\/\/adfformosa.com.ar\/index.php?rest_route=\/wp\/v2\/types\/post"}],"author":[{"embeddable":true,"href":"https:\/\/adfformosa.com.ar\/index.php?rest_route=\/wp\/v2\/users\/3"}],"replies":[{"embeddable":true,"href":"https:\/\/adfformosa.com.ar\/index.php?rest_route=%2Fwp%2Fv2%2Fcomments&post=3637"}],"version-history":[{"count":4,"href":"https:\/\/adfformosa.com.ar\/index.php?rest_route=\/wp\/v2\/posts\/3637\/revisions"}],"predecessor-version":[{"id":3651,"href":"https:\/\/adfformosa.com.ar\/index.php?rest_route=\/wp\/v2\/posts\/3637\/revisions\/3651"}],"wp:featuredmedia":[{"embeddable":true,"href":"https:\/\/adfformosa.com.ar\/index.php?rest_route=\/wp\/v2\/media\/3640"}],"wp:attachment":[{"href":"https:\/\/adfformosa.com.ar\/index.php?rest_route=%2Fwp%2Fv2%2Fmedia&parent=3637"}],"wp:term":[{"taxonomy":"category","embeddable":true,"href":"https:\/\/adfformosa.com.ar\/index.php?rest_route=%2Fwp%2Fv2%2Fcategories&post=3637"},{"taxonomy":"post_tag","embeddable":true,"href":"https:\/\/adfformosa.com.ar\/index.php?rest_route=%2Fwp%2Fv2%2Ftags&post=3637"}],"curies":[{"name":"wp","href":"https:\/\/api.w.org\/{rel}","templated":true}]}}