{"id":3629,"date":"2015-07-29T16:44:45","date_gmt":"2015-07-29T19:44:45","guid":{"rendered":"http:\/\/adfformosa.com.ar\/?p=3629"},"modified":"2015-07-30T21:17:59","modified_gmt":"2015-07-31T00:17:59","slug":"conferencias-programadas-para-la-primer-jornada-del-segundo-congreso-pedagogico-provincial","status":"publish","type":"post","link":"https:\/\/adfformosa.com.ar\/?p=3629","title":{"rendered":"Conferencias programadas en la primer jornada del \u00abSegundo Congreso Pedag\u00f3gico Provincial\u00bb"},"content":{"rendered":"<div id=\"s-share-buttons\" class=\"horizontal-w-c-r-border s-share-w-c\"><a href=\"http:\/\/www.facebook.com\/sharer.php?u=https:\/\/adfformosa.com.ar\/?p=3629\" target=\"_blank\" title=\"Share to Facebook\" class=\"s3-facebook hint--top\"><\/a><a href=\"http:\/\/twitter.com\/intent\/tweet?text=Conferencias programadas en la primer jornada del \u00abSegundo Congreso Pedag\u00f3gico Provincial\u00bb&url=https:\/\/adfformosa.com.ar\/?p=3629\" target=\"_blank\"  title=\"Share to Twitter\" class=\"s3-twitter hint--top\"><\/a><a href=\"https:\/\/plus.google.com\/share?url=https:\/\/adfformosa.com.ar\/?p=3629\" target=\"_blank\"  title=\"Share to Google Plus\" class=\"s3-google-plus hint--top\"><\/a><a href=\"http:\/\/www.digg.com\/submit?url=https:\/\/adfformosa.com.ar\/?p=3629\" target=\"_blank\"  title=\"Share to Digg\" class=\"s3-digg hint--top\"><\/a><a href=\"http:\/\/www.tumblr.com\/share\/link?url=https%3A%2F%2Fadfformosa.com.ar%2F%3Fp%3D3629&name=Conferencias+programadas+en+la+primer+jornada+del+%C2%ABSegundo+Congreso+Pedag%C3%B3gico+Provincial%C2%BB\" target=\"_blank\" title=\"Share to Tumblr\" class=\"s3-tumblr hint--top\"><\/a><a href=\"mailto:?Subject=Conferencias%20programadas%20en%20la%20primer%20jornada%20del%20\u00abSegundo%20Congreso%20Pedag\u00f3gico%20Provincial\u00bb&Body=Here%20is%20the%20link%20to%20the%20article:%20https:\/\/adfformosa.com.ar\/?p=3629\" title=\"Email this article\" class=\"s3-email hint--top\"><\/a><\/div><p style=\"text-align: justify;\">\n<div id=\"attachment_3631\" style=\"width: 330px\" class=\"wp-caption alignleft\"><img loading=\"lazy\" decoding=\"async\" aria-describedby=\"caption-attachment-3631\" class=\"wp-image-3631 size-full\" src=\"https:\/\/adfformosa.com.ar\/wp-content\/uploads\/2015\/07\/11078213_899050310133925_6249807722562786322_n-e1438198904508.png\" alt=\"11078213_899050310133925_6249807722562786322_n\" width=\"320\" height=\"320\" \/><p id=\"caption-attachment-3631\" class=\"wp-caption-text\">30-31 julio y 1 de agosto 2015- Formosa.<\/p><\/div>\n<p style=\"text-align: justify;\">Este jueves 30 de julio comenzar\u00e1 en esta capital el \u00abSegundo Congreso Pedag\u00f3gico Provincial\u00bb organizado por el Ministerio de Cultura y Educaci\u00f3n de nuestra provincia.<\/p>\n<p style=\"text-align: justify;\">Se realizar\u00e1 en las instalaciones del Estadio Cincuentenario y se extender\u00e1 hasta el 1 de Agosto.<\/p>\n<p style=\"text-align: justify;\">Bajo el lema \u00bb De las Pol\u00edtica p\u00fablicas a las pr\u00e1cticas a\u00falicas: Mediaciones docentes para m\u00e1s y mejores aprendizajes\u00bb el programa incluye conferencias y exposiciones de destacados profesionales internacionales,de nuestro pa\u00eds y la provincia.<\/p>\n<p style=\"text-align: justify;\">El cronograma de actividades para la primer jornada es el siguiente:<\/p>\n<h3 style=\"text-align: justify;\"><span style=\"text-decoration: underline;\">30 de julio<\/span><\/h3>\n<p style=\"text-align: justify;\"><span style=\"text-decoration: underline;\">08:00 <\/span>-Acreditaci\u00f3n<\/p>\n<p style=\"text-align: justify;\"><span style=\"text-decoration: underline;\">09:30-<\/span> Bienvenida a cargo del Subsecretario de Educaci\u00f3n, Profesor Dardo D\u00edaz.<\/p>\n<p style=\"text-align: justify;\"><span style=\"text-decoration: underline;\">10:00<\/span>&#8211; Panel \u00bb El Modelo Formose\u00f1o y las Ciencias Sociales desde los contenidos provinciales\u00bb &#8211; Instituto Pedag\u00f3gico Provincial.<\/p>\n<p style=\"text-align: justify;\"><span style=\"text-decoration: underline;\">11:00-<\/span> Conferencia \u00bb Educaci\u00f3n Popular\u00bb a cargo de la Licenciada Delia M\u00e9ndez- Directora Nacional de Gesti\u00f3n Educativa.<\/p>\n<p style=\"text-align: justify;\"><span style=\"text-decoration: underline;\">12:00- Acto Apertura del Segundo Congreso Pedag\u00f3gico Provincial.<\/span><\/p>\n<p style=\"text-align: justify;\"><span style=\"text-decoration: underline;\">14:00<\/span>&#8211; <span style=\"color: #000000;\">Conferencia \u00bb Intervenciones pedag\u00f3gicas para la promoci\u00f3n de v\u00ednculos democr\u00e1ticos: Una manera de prevenir el acoso\u00a0entre\u00a0pares\u00bb a cargo de la\u00a0Licenciada Marina Lerner del Observatorio Argentino de Violencia en las Escuelas del Ministerio de Educaci\u00f3n de la Naci\u00f3n.<\/span><\/p>\n<p style=\"text-align: justify;\"><span style=\"text-decoration: underline;\">15:30<\/span> &#8211; Conferencia \u00abEnse\u00f1anza y Aprendizaje,Centro del debate educativo\u00bb &#8211; Licenciada Elena Duro. UNICEF<\/p>\n<p style=\"text-align: justify;\"><span style=\"text-decoration: underline;\"><span style=\"text-decoration: underline;\">16:30-<\/span><\/span> Presentaci\u00f3n de n\u00fameros art\u00edsticos.<\/p>\n<p style=\"text-align: justify;\"><span style=\"text-decoration: underline;\"><span style=\"text-decoration: underline;\">17:00-<\/span><\/span> Conferencia \u00bb Mitos en la Educaci\u00f3n\u00bb Licenciado Emilio Tenti Fanfani.<\/p>\n<p style=\"text-align: justify;\">Emilio Tenti Fanfani es Licenciado en Ciencias Pol\u00edticas y Sociales de la Universidad Nacional de Cuyo y el Dipl\u00f4me Sup\u00e9rieur d\u2019Etudes et Recherches Politiques del Tercer Ciclo de la Fondation Nationale des Sciences Politiques de Par\u00eds (1968-1971).<\/p>\n<p style=\"text-align: justify;\">Investigador independiente del Conicet, profesor titular por concurso en la Facultad de Ciencias Sociales de la UBA y consulto del IIPE-Unesco en su oficina regional de Buenos Aires.<\/p>\n<p style=\"text-align: justify;\">Se ha desempe\u00f1ado como docente e investigador en diversas universidades y centros de investigaci\u00f3n de Colombia, M\u00e9xico, Francia y la Argentina.<\/p>\n<p style=\"text-align: justify;\">En los \u00faltimos a\u00f1os ha publicado gran variedad de libros y art\u00edculos en revistas especializadas.<\/p>\n<p style=\"text-align: justify;\">Las inscripciones se realizar\u00e1n hasta el 30 de julio antes del inicio de las actividades en el Estadio Cincuentenario.<\/p>\n","protected":false},"excerpt":{"rendered":"<p>Este jueves 30 de julio comenzar\u00e1 en esta capital el \u00abSegundo Congreso Pedag\u00f3gico Provincial\u00bb organizado por el Ministerio de Cultura y Educaci\u00f3n de nuestra provincia. Se realizar\u00e1 en las instalaciones&#8230; <span class=\"meta-more\"><a href=\"https:\/\/adfformosa.com.ar\/?p=3629\">Leer mas &raquo;<\/a><\/span><\/p>\n","protected":false},"author":3,"featured_media":3631,"comment_status":"open","ping_status":"closed","sticky":false,"template":"","format":"standard","meta":{"footnotes":""},"categories":[2],"tags":[],"class_list":["post-3629","post","type-post","status-publish","format-standard","has-post-thumbnail","hentry","category-prensa-adf","even alt"],"_links":{"self":[{"href":"https:\/\/adfformosa.com.ar\/index.php?rest_route=\/wp\/v2\/posts\/3629","targetHints":{"allow":["GET"]}}],"collection":[{"href":"https:\/\/adfformosa.com.ar\/index.php?rest_route=\/wp\/v2\/posts"}],"about":[{"href":"https:\/\/adfformosa.com.ar\/index.php?rest_route=\/wp\/v2\/types\/post"}],"author":[{"embeddable":true,"href":"https:\/\/adfformosa.com.ar\/index.php?rest_route=\/wp\/v2\/users\/3"}],"replies":[{"embeddable":true,"href":"https:\/\/adfformosa.com.ar\/index.php?rest_route=%2Fwp%2Fv2%2Fcomments&post=3629"}],"version-history":[{"count":6,"href":"https:\/\/adfformosa.com.ar\/index.php?rest_route=\/wp\/v2\/posts\/3629\/revisions"}],"predecessor-version":[{"id":3653,"href":"https:\/\/adfformosa.com.ar\/index.php?rest_route=\/wp\/v2\/posts\/3629\/revisions\/3653"}],"wp:featuredmedia":[{"embeddable":true,"href":"https:\/\/adfformosa.com.ar\/index.php?rest_route=\/wp\/v2\/media\/3631"}],"wp:attachment":[{"href":"https:\/\/adfformosa.com.ar\/index.php?rest_route=%2Fwp%2Fv2%2Fmedia&parent=3629"}],"wp:term":[{"taxonomy":"category","embeddable":true,"href":"https:\/\/adfformosa.com.ar\/index.php?rest_route=%2Fwp%2Fv2%2Fcategories&post=3629"},{"taxonomy":"post_tag","embeddable":true,"href":"https:\/\/adfformosa.com.ar\/index.php?rest_route=%2Fwp%2Fv2%2Ftags&post=3629"}],"curies":[{"name":"wp","href":"https:\/\/api.w.org\/{rel}","templated":true}]}}