{"id":3626,"date":"2015-07-27T18:30:21","date_gmt":"2015-07-27T21:30:21","guid":{"rendered":"http:\/\/adfformosa.com.ar\/?p=3626"},"modified":"2015-07-27T18:30:21","modified_gmt":"2015-07-27T21:30:21","slug":"13-de-agosto-los-docentes-marchamos-al-congreso-de-la-nacion","status":"publish","type":"post","link":"https:\/\/adfformosa.com.ar\/?p=3626","title":{"rendered":"13 de agosto los docentes marchamos al Congreso de la Naci\u00f3n"},"content":{"rendered":"<div id=\"s-share-buttons\" class=\"horizontal-w-c-r-border s-share-w-c\"><a href=\"http:\/\/www.facebook.com\/sharer.php?u=https:\/\/adfformosa.com.ar\/?p=3626\" target=\"_blank\" title=\"Share to Facebook\" class=\"s3-facebook hint--top\"><\/a><a href=\"http:\/\/twitter.com\/intent\/tweet?text=13 de agosto los docentes marchamos al Congreso de la Naci\u00f3n&url=https:\/\/adfformosa.com.ar\/?p=3626\" target=\"_blank\"  title=\"Share to Twitter\" class=\"s3-twitter hint--top\"><\/a><a href=\"https:\/\/plus.google.com\/share?url=https:\/\/adfformosa.com.ar\/?p=3626\" target=\"_blank\"  title=\"Share to Google Plus\" class=\"s3-google-plus hint--top\"><\/a><a href=\"http:\/\/www.digg.com\/submit?url=https:\/\/adfformosa.com.ar\/?p=3626\" target=\"_blank\"  title=\"Share to Digg\" class=\"s3-digg hint--top\"><\/a><a href=\"http:\/\/www.tumblr.com\/share\/link?url=https%3A%2F%2Fadfformosa.com.ar%2F%3Fp%3D3626&name=13+de+agosto+los+docentes+marchamos+al+Congreso+de+la+Naci%C3%B3n\" target=\"_blank\" title=\"Share to Tumblr\" class=\"s3-tumblr hint--top\"><\/a><a href=\"mailto:?Subject=13%20de%20agosto%20los%20docentes%20marchamos%20al%20Congreso%20de%20la%20Naci\u00f3n&Body=Here%20is%20the%20link%20to%20the%20article:%20https:\/\/adfformosa.com.ar\/?p=3626\" title=\"Email this article\" class=\"s3-email hint--top\"><\/a><\/div><div id=\"attachment_3627\" style=\"width: 610px\" class=\"wp-caption aligncenter\"><img loading=\"lazy\" decoding=\"async\" aria-describedby=\"caption-attachment-3627\" class=\"wp-image-3627 size-full\" src=\"https:\/\/adfformosa.com.ar\/wp-content\/uploads\/2015\/07\/11745850_680209072110535_6272113376965903831_n-e1438032492590.jpg\" alt=\"11745850_680209072110535_6272113376965903831_n\" width=\"600\" height=\"400\" \/><p id=\"caption-attachment-3627\" class=\"wp-caption-text\">14 agosto 2015- Ctera -Cta-ADF<\/p><\/div>\n<p style=\"text-align: justify;\">El pr\u00f3ximo 13 de agosto la CTERA-CTA junto a todas las entidades de base de las distintas provincias del pa\u00eds,realizar\u00e1n una marcha al Congreso de la Naci\u00f3n, solicitando:<\/p>\n<p style=\"text-align: justify;\"><span style=\"text-decoration: underline; color: #ff0000;\">1) Una Reforma Tributaria Integral,para que paguen los que m\u00e1s tienen.<\/span><\/p>\n<p style=\"text-align: justify;\"><span class=\"text_exposed_show\"><br \/>\n<span style=\"text-decoration: underline;\"><span style=\"color: #ff0000; text-decoration: underline;\">2) Modificaci\u00f3n el Impuesto a las Ganancias: Cuarta categor\u00eda.<\/span><\/span><\/span><\/p>\n<p style=\"text-align: justify;\"><span class=\"text_exposed_show\"><br \/>\n<span style=\"text-decoration: underline; color: #ff0000;\">3)Por una Ley en contra de las terciarizaciones.<\/span><\/span><\/p>\n<p style=\"text-align: justify;\"><span class=\"text_exposed_show\"><br \/>\n<span style=\"text-decoration: underline; color: #ff0000;\">4)Por una Ley de Responsabilidades Compartidas.<\/span><\/span><\/p>\n<p style=\"text-align: justify;\"><span class=\"text_exposed_show\"><br \/>\n<span style=\"text-decoration: underline; color: #ff0000;\">5)Por una Ley en Defensa de la Econom\u00eda Social<\/span><\/span><\/p>\n<p style=\"text-align: justify;\">La Agremiaci\u00f3n del Docente Formose\u00f1o,como entidad de base en la provincia,acompa\u00f1ar\u00e1 la medida.<\/p>\n","protected":false},"excerpt":{"rendered":"<p>El pr\u00f3ximo 13 de agosto la CTERA-CTA junto a todas las entidades de base de las distintas provincias del pa\u00eds,realizar\u00e1n una marcha al Congreso de la Naci\u00f3n, solicitando: 1) Una&#8230; <span class=\"meta-more\"><a href=\"https:\/\/adfformosa.com.ar\/?p=3626\">Leer mas &raquo;<\/a><\/span><\/p>\n","protected":false},"author":3,"featured_media":3627,"comment_status":"open","ping_status":"closed","sticky":false,"template":"","format":"standard","meta":{"footnotes":""},"categories":[2],"tags":[],"class_list":["post-3626","post","type-post","status-publish","format-standard","has-post-thumbnail","hentry","category-prensa-adf","even alt"],"_links":{"self":[{"href":"https:\/\/adfformosa.com.ar\/index.php?rest_route=\/wp\/v2\/posts\/3626","targetHints":{"allow":["GET"]}}],"collection":[{"href":"https:\/\/adfformosa.com.ar\/index.php?rest_route=\/wp\/v2\/posts"}],"about":[{"href":"https:\/\/adfformosa.com.ar\/index.php?rest_route=\/wp\/v2\/types\/post"}],"author":[{"embeddable":true,"href":"https:\/\/adfformosa.com.ar\/index.php?rest_route=\/wp\/v2\/users\/3"}],"replies":[{"embeddable":true,"href":"https:\/\/adfformosa.com.ar\/index.php?rest_route=%2Fwp%2Fv2%2Fcomments&post=3626"}],"version-history":[{"count":1,"href":"https:\/\/adfformosa.com.ar\/index.php?rest_route=\/wp\/v2\/posts\/3626\/revisions"}],"predecessor-version":[{"id":3628,"href":"https:\/\/adfformosa.com.ar\/index.php?rest_route=\/wp\/v2\/posts\/3626\/revisions\/3628"}],"wp:featuredmedia":[{"embeddable":true,"href":"https:\/\/adfformosa.com.ar\/index.php?rest_route=\/wp\/v2\/media\/3627"}],"wp:attachment":[{"href":"https:\/\/adfformosa.com.ar\/index.php?rest_route=%2Fwp%2Fv2%2Fmedia&parent=3626"}],"wp:term":[{"taxonomy":"category","embeddable":true,"href":"https:\/\/adfformosa.com.ar\/index.php?rest_route=%2Fwp%2Fv2%2Fcategories&post=3626"},{"taxonomy":"post_tag","embeddable":true,"href":"https:\/\/adfformosa.com.ar\/index.php?rest_route=%2Fwp%2Fv2%2Ftags&post=3626"}],"curies":[{"name":"wp","href":"https:\/\/api.w.org\/{rel}","templated":true}]}}