{"id":3584,"date":"2015-07-18T13:33:39","date_gmt":"2015-07-18T16:33:39","guid":{"rendered":"http:\/\/adfformosa.com.ar\/?p=3584"},"modified":"2015-07-19T09:53:40","modified_gmt":"2015-07-19T12:53:40","slug":"una-de-las-bellezas-que-tiene-mi-provincia-el-banado-la-estrella-beneficio-para-afiliados","status":"publish","type":"post","link":"https:\/\/adfformosa.com.ar\/?p=3584","title":{"rendered":"Una de las bellezas que tiene mi provincia, el \u00abBa\u00f1ado la Estrella\u00bb  \/Beneficio para afiliados"},"content":{"rendered":"<div id=\"s-share-buttons\" class=\"horizontal-w-c-r-border s-share-w-c\"><a href=\"http:\/\/www.facebook.com\/sharer.php?u=https:\/\/adfformosa.com.ar\/?p=3584\" target=\"_blank\" title=\"Share to Facebook\" class=\"s3-facebook hint--top\"><\/a><a href=\"http:\/\/twitter.com\/intent\/tweet?text=Una de las bellezas que tiene mi provincia, el \u00abBa\u00f1ado la Estrella\u00bb  \/Beneficio para afiliados&url=https:\/\/adfformosa.com.ar\/?p=3584\" target=\"_blank\"  title=\"Share to Twitter\" class=\"s3-twitter hint--top\"><\/a><a href=\"https:\/\/plus.google.com\/share?url=https:\/\/adfformosa.com.ar\/?p=3584\" target=\"_blank\"  title=\"Share to Google Plus\" class=\"s3-google-plus hint--top\"><\/a><a href=\"http:\/\/www.digg.com\/submit?url=https:\/\/adfformosa.com.ar\/?p=3584\" target=\"_blank\"  title=\"Share to Digg\" class=\"s3-digg hint--top\"><\/a><a href=\"http:\/\/www.tumblr.com\/share\/link?url=https%3A%2F%2Fadfformosa.com.ar%2F%3Fp%3D3584&name=Una+de+las+bellezas+que+tiene+mi+provincia%2C+el+%C2%ABBa%C3%B1ado+la+Estrella%C2%BB++%2FBeneficio+para+afiliados\" target=\"_blank\" title=\"Share to Tumblr\" class=\"s3-tumblr hint--top\"><\/a><a href=\"mailto:?Subject=Una%20de%20las%20bellezas%20que%20tiene%20mi%20provincia,%20el%20\u00abBa\u00f1ado%20la%20Estrella\u00bb%20%20\/Beneficio%20para%20afiliados&Body=Here%20is%20the%20link%20to%20the%20article:%20https:\/\/adfformosa.com.ar\/?p=3584\" title=\"Email this article\" class=\"s3-email hint--top\"><\/a><\/div><div id=\"attachment_3585\" style=\"width: 610px\" class=\"wp-caption aligncenter\"><img loading=\"lazy\" decoding=\"async\" aria-describedby=\"caption-attachment-3585\" class=\"wp-image-3585 size-full\" src=\"https:\/\/adfformosa.com.ar\/wp-content\/uploads\/2015\/07\/IMG-20140518-00948-e1437236631768.jpg\" alt=\"IMG-20140518-00948\" width=\"600\" height=\"450\" \/><p id=\"caption-attachment-3585\" class=\"wp-caption-text\">Ba\u00f1ado La Estrella- Las Lomitas- Foto: Silvia Mendoza-<\/p><\/div>\n<p style=\"text-align: justify;\">Este lugar se encuentra ubicado a 40 km de Las Lomitas.<\/p>\n<p style=\"text-align: justify;\">Se trata del tercer humedal m\u00e1s importante del continente americano,despu\u00e9s del Pantanal de Brasil y los Esteros del Iber\u00e1.<\/p>\n<p style=\"text-align: justify;\">Nuestros afiliados tienen la posibilidad de hospedarse en el Portal del Oeste con un cincuenta por ciento de descuento y poder conocer esta maravilla de la naturaleza.<\/p>\n<p style=\"text-align: justify;\"><span style=\"text-decoration: underline;\"><strong>Acreditaci\u00f3n para la Tarifa Sindical<\/strong><\/span><\/p>\n<p style=\"text-align: justify;\">El pasajero deber\u00e1 presentar recibo de sueldo \u00a0o certificaci\u00f3n que acredite la pertenencia al gremio por la que recibir\u00e1 la tarifa preferencial con el 50 % descuento.<\/p>\n<h3 style=\"text-align: justify;\"><span style=\"color: #ff0000;\">Las reservas deber\u00e1n ser realizadas telef\u00f3nicamente \u00a0al celular 3704-548747<\/span><\/h3>\n<h4 style=\"text-align: justify;\"><span style=\"text-decoration: underline; color: #ff0000;\">Tarifas Julio 2015 con 50 % descuento<\/span><\/h4>\n<p style=\"text-align: justify;\">Habitaci\u00f3n single $300<\/p>\n<p style=\"text-align: justify;\">Habitaci\u00f3n Doble $350<\/p>\n<p style=\"text-align: justify;\">Habitaci\u00f3n Triple $ 430<\/p>\n<p style=\"text-align: justify;\"><span style=\"text-decoration: underline;\"><span style=\"color: #ff0000; text-decoration: underline;\">Desayuno incluido.<\/span><\/span><\/p>\n<p style=\"text-align: center;\"><strong><em><span style=\"color: #000000;\">Im\u00e1genes del Ba\u00f1ado La Estrella<\/span><\/em><\/strong><\/p>\n<div id=\"attachment_3591\" style=\"width: 610px\" class=\"wp-caption aligncenter\"><img loading=\"lazy\" decoding=\"async\" aria-describedby=\"caption-attachment-3591\" class=\"wp-image-3591 size-full\" src=\"https:\/\/adfformosa.com.ar\/wp-content\/uploads\/2015\/07\/10369904_673885629350878_5331874196845553720_n-e1437310290491.jpg\" alt=\"10369904_673885629350878_5331874196845553720_n\" width=\"600\" height=\"450\" \/><p id=\"caption-attachment-3591\" class=\"wp-caption-text\">Ba\u00f1ado La Estrella- Formosa. Foto: Silvia Mendoza.<\/p><\/div>\n<div id=\"attachment_3590\" style=\"width: 610px\" class=\"wp-caption aligncenter\"><img loading=\"lazy\" decoding=\"async\" aria-describedby=\"caption-attachment-3590\" class=\"wp-image-3590 size-full\" src=\"https:\/\/adfformosa.com.ar\/wp-content\/uploads\/2015\/07\/DSC_0087-e1437310308783.jpg\" alt=\"DSC_0087\" width=\"600\" height=\"399\" \/><p id=\"caption-attachment-3590\" class=\"wp-caption-text\">Ba\u00f1ado La Estrella- Formosa- Foto: Silvia Mendoza.<\/p><\/div>\n<div id=\"attachment_3589\" style=\"width: 610px\" class=\"wp-caption aligncenter\"><img loading=\"lazy\" decoding=\"async\" aria-describedby=\"caption-attachment-3589\" class=\"wp-image-3589 size-full\" src=\"https:\/\/adfformosa.com.ar\/wp-content\/uploads\/2015\/07\/1549396_673885589350882_9206789332222276771_n-e1437310333515.jpg\" alt=\"1549396_673885589350882_9206789332222276771_n\" width=\"600\" height=\"450\" \/><p id=\"caption-attachment-3589\" class=\"wp-caption-text\">Ba\u00f1ado La Estrella- Formosa- Foto: Silvia Mendoza.<\/p><\/div>\n<div id=\"attachment_3588\" style=\"width: 610px\" class=\"wp-caption aligncenter\"><img loading=\"lazy\" decoding=\"async\" aria-describedby=\"caption-attachment-3588\" class=\"wp-image-3588 size-full\" src=\"https:\/\/adfformosa.com.ar\/wp-content\/uploads\/2015\/07\/10401492_673885746017533_6385078313675350765_n-e1437310349299.jpg\" alt=\"10401492_673885746017533_6385078313675350765_n\" width=\"600\" height=\"450\" \/><p id=\"caption-attachment-3588\" class=\"wp-caption-text\">Ba\u00f1ado La Estrella- Formosa- Foto: Silvia Mendoza.<\/p><\/div>\n<div id=\"attachment_3587\" style=\"width: 610px\" class=\"wp-caption aligncenter\"><img loading=\"lazy\" decoding=\"async\" aria-describedby=\"caption-attachment-3587\" class=\"wp-image-3587 size-full\" src=\"https:\/\/adfformosa.com.ar\/wp-content\/uploads\/2015\/07\/10367191_673886322684142_5732634484180308952_n-e1437310362929.jpg\" alt=\"10367191_673886322684142_5732634484180308952_n\" width=\"600\" height=\"450\" \/><p id=\"caption-attachment-3587\" class=\"wp-caption-text\">Ba\u00f1ado La Estrella- Formosa- Foto: Silvia Mendoza.<\/p><\/div>\n<div id=\"attachment_3586\" style=\"width: 610px\" class=\"wp-caption aligncenter\"><img loading=\"lazy\" decoding=\"async\" aria-describedby=\"caption-attachment-3586\" class=\"wp-image-3586 size-full\" src=\"https:\/\/adfformosa.com.ar\/wp-content\/uploads\/2015\/07\/10273765_673886829350758_468417147706767506_n-e1437310377674.jpg\" alt=\"10273765_673886829350758_468417147706767506_n\" width=\"600\" height=\"450\" \/><p id=\"caption-attachment-3586\" class=\"wp-caption-text\">Ba\u00f1ado La Estrella- Formosa- Foto: Silvia Mendoza.<\/p><\/div>\n","protected":false},"excerpt":{"rendered":"<p>Este lugar se encuentra ubicado a 40 km de Las Lomitas. Se trata del tercer humedal m\u00e1s importante del continente americano,despu\u00e9s del Pantanal de Brasil y los Esteros del Iber\u00e1&#8230;. <span class=\"meta-more\"><a href=\"https:\/\/adfformosa.com.ar\/?p=3584\">Leer mas &raquo;<\/a><\/span><\/p>\n","protected":false},"author":3,"featured_media":3585,"comment_status":"open","ping_status":"closed","sticky":false,"template":"","format":"standard","meta":{"footnotes":""},"categories":[9,2],"tags":[],"class_list":["post-3584","post","type-post","status-publish","format-standard","has-post-thumbnail","hentry","category-beneficios-para-afiliados","category-prensa-adf","even alt"],"_links":{"self":[{"href":"https:\/\/adfformosa.com.ar\/index.php?rest_route=\/wp\/v2\/posts\/3584","targetHints":{"allow":["GET"]}}],"collection":[{"href":"https:\/\/adfformosa.com.ar\/index.php?rest_route=\/wp\/v2\/posts"}],"about":[{"href":"https:\/\/adfformosa.com.ar\/index.php?rest_route=\/wp\/v2\/types\/post"}],"author":[{"embeddable":true,"href":"https:\/\/adfformosa.com.ar\/index.php?rest_route=\/wp\/v2\/users\/3"}],"replies":[{"embeddable":true,"href":"https:\/\/adfformosa.com.ar\/index.php?rest_route=%2Fwp%2Fv2%2Fcomments&post=3584"}],"version-history":[{"count":4,"href":"https:\/\/adfformosa.com.ar\/index.php?rest_route=\/wp\/v2\/posts\/3584\/revisions"}],"predecessor-version":[{"id":3596,"href":"https:\/\/adfformosa.com.ar\/index.php?rest_route=\/wp\/v2\/posts\/3584\/revisions\/3596"}],"wp:featuredmedia":[{"embeddable":true,"href":"https:\/\/adfformosa.com.ar\/index.php?rest_route=\/wp\/v2\/media\/3585"}],"wp:attachment":[{"href":"https:\/\/adfformosa.com.ar\/index.php?rest_route=%2Fwp%2Fv2%2Fmedia&parent=3584"}],"wp:term":[{"taxonomy":"category","embeddable":true,"href":"https:\/\/adfformosa.com.ar\/index.php?rest_route=%2Fwp%2Fv2%2Fcategories&post=3584"},{"taxonomy":"post_tag","embeddable":true,"href":"https:\/\/adfformosa.com.ar\/index.php?rest_route=%2Fwp%2Fv2%2Ftags&post=3584"}],"curies":[{"name":"wp","href":"https:\/\/api.w.org\/{rel}","templated":true}]}}