{"id":3580,"date":"2015-07-11T09:40:45","date_gmt":"2015-07-11T12:40:45","guid":{"rendered":"http:\/\/adfformosa.com.ar\/?p=3580"},"modified":"2015-07-11T09:40:45","modified_gmt":"2015-07-11T12:40:45","slug":"receso-de-invierno-en-oficinas-de-adf","status":"publish","type":"post","link":"https:\/\/adfformosa.com.ar\/?p=3580","title":{"rendered":"Receso de invierno en oficinas de ADF"},"content":{"rendered":"<div id=\"s-share-buttons\" class=\"horizontal-w-c-r-border s-share-w-c\"><a href=\"http:\/\/www.facebook.com\/sharer.php?u=https:\/\/adfformosa.com.ar\/?p=3580\" target=\"_blank\" title=\"Share to Facebook\" class=\"s3-facebook hint--top\"><\/a><a href=\"http:\/\/twitter.com\/intent\/tweet?text=Receso de invierno en oficinas de ADF&url=https:\/\/adfformosa.com.ar\/?p=3580\" target=\"_blank\"  title=\"Share to Twitter\" class=\"s3-twitter hint--top\"><\/a><a href=\"https:\/\/plus.google.com\/share?url=https:\/\/adfformosa.com.ar\/?p=3580\" target=\"_blank\"  title=\"Share to Google Plus\" class=\"s3-google-plus hint--top\"><\/a><a href=\"http:\/\/www.digg.com\/submit?url=https:\/\/adfformosa.com.ar\/?p=3580\" target=\"_blank\"  title=\"Share to Digg\" class=\"s3-digg hint--top\"><\/a><a href=\"http:\/\/www.tumblr.com\/share\/link?url=https%3A%2F%2Fadfformosa.com.ar%2F%3Fp%3D3580&name=Receso+de+invierno+en+oficinas+de+ADF\" target=\"_blank\" title=\"Share to Tumblr\" class=\"s3-tumblr hint--top\"><\/a><a href=\"mailto:?Subject=Receso%20de%20invierno%20en%20oficinas%20de%20ADF&Body=Here%20is%20the%20link%20to%20the%20article:%20https:\/\/adfformosa.com.ar\/?p=3580\" title=\"Email this article\" class=\"s3-email hint--top\"><\/a><\/div><div id=\"attachment_3581\" style=\"width: 610px\" class=\"wp-caption aligncenter\"><img loading=\"lazy\" decoding=\"async\" aria-describedby=\"caption-attachment-3581\" class=\"wp-image-3581 size-full\" src=\"https:\/\/adfformosa.com.ar\/wp-content\/uploads\/2015\/07\/11709431_1688947288001258_5609663235105402459_n.jpg\" alt=\"11709431_1688947288001258_5609663235105402459_n\" width=\"600\" height=\"400\" srcset=\"https:\/\/adfformosa.com.ar\/wp-content\/uploads\/2015\/07\/11709431_1688947288001258_5609663235105402459_n.jpg 600w, https:\/\/adfformosa.com.ar\/wp-content\/uploads\/2015\/07\/11709431_1688947288001258_5609663235105402459_n-300x200.jpg 300w\" sizes=\"auto, (max-width: 600px) 100vw, 600px\" \/><p id=\"caption-attachment-3581\" class=\"wp-caption-text\">ADF Receso Invierno 2015<\/p><\/div>\n<p style=\"text-align: justify;\">La Junta Directiva de la Agremiaci\u00f3n del Docente Formose\u00f1o,informa a los afiliados y comunidad que cerrar\u00e1 sus oficinas en la semana que comprende los d\u00edas 13 al 18 de julio.<\/p>\n<p style=\"text-align: justify;\">A partir del d\u00eda lunes 20 la atenci\u00f3n ser\u00e1 en los horarios habituales de 8 a 12 y de 17 a 20 horas de lunes a viernes.<\/p>\n<p style=\"text-align: justify;\">S\u00e1bado de 8 a 12 horas.<\/p>\n<p style=\"text-align: justify;\">Desde la Junta Directiva deseamos unas felices vacaciones a la docencia formose\u00f1a.<\/p>\n<p>&nbsp;<\/p>\n<h3 style=\"text-align: center;\">Junta Directiva ADF<\/h3>\n<p>Mirta M\u00e1rquez \u00a0 \u00a0 \u00a0 \u00a0 \u00a0 \u00a0 \u00a0 \u00a0 \u00a0 \u00a0 \u00a0 \u00a0 \u00a0 \u00a0 \u00a0 Luis Branchi<\/p>\n<p>Sec.Gral Adjunta \u00a0 \u00a0 \u00a0 \u00a0 \u00a0 \u00a0 \u00a0 \u00a0 \u00a0 \u00a0 \u00a0 \u00a0 \u00a0 \u00a0 \u00a0Sec.General<\/p>\n<p>&nbsp;<\/p>\n<p style=\"text-align: justify;\">\n<p>&nbsp;<\/p>\n","protected":false},"excerpt":{"rendered":"<p>La Junta Directiva de la Agremiaci\u00f3n del Docente Formose\u00f1o,informa a los afiliados y comunidad que cerrar\u00e1 sus oficinas en la semana que comprende los d\u00edas 13 al 18 de julio&#8230;. <span class=\"meta-more\"><a href=\"https:\/\/adfformosa.com.ar\/?p=3580\">Leer mas &raquo;<\/a><\/span><\/p>\n","protected":false},"author":3,"featured_media":3581,"comment_status":"open","ping_status":"closed","sticky":false,"template":"","format":"standard","meta":{"footnotes":""},"categories":[2],"tags":[],"class_list":["post-3580","post","type-post","status-publish","format-standard","has-post-thumbnail","hentry","category-prensa-adf","even alt"],"_links":{"self":[{"href":"https:\/\/adfformosa.com.ar\/index.php?rest_route=\/wp\/v2\/posts\/3580","targetHints":{"allow":["GET"]}}],"collection":[{"href":"https:\/\/adfformosa.com.ar\/index.php?rest_route=\/wp\/v2\/posts"}],"about":[{"href":"https:\/\/adfformosa.com.ar\/index.php?rest_route=\/wp\/v2\/types\/post"}],"author":[{"embeddable":true,"href":"https:\/\/adfformosa.com.ar\/index.php?rest_route=\/wp\/v2\/users\/3"}],"replies":[{"embeddable":true,"href":"https:\/\/adfformosa.com.ar\/index.php?rest_route=%2Fwp%2Fv2%2Fcomments&post=3580"}],"version-history":[{"count":1,"href":"https:\/\/adfformosa.com.ar\/index.php?rest_route=\/wp\/v2\/posts\/3580\/revisions"}],"predecessor-version":[{"id":3582,"href":"https:\/\/adfformosa.com.ar\/index.php?rest_route=\/wp\/v2\/posts\/3580\/revisions\/3582"}],"wp:featuredmedia":[{"embeddable":true,"href":"https:\/\/adfformosa.com.ar\/index.php?rest_route=\/wp\/v2\/media\/3581"}],"wp:attachment":[{"href":"https:\/\/adfformosa.com.ar\/index.php?rest_route=%2Fwp%2Fv2%2Fmedia&parent=3580"}],"wp:term":[{"taxonomy":"category","embeddable":true,"href":"https:\/\/adfformosa.com.ar\/index.php?rest_route=%2Fwp%2Fv2%2Fcategories&post=3580"},{"taxonomy":"post_tag","embeddable":true,"href":"https:\/\/adfformosa.com.ar\/index.php?rest_route=%2Fwp%2Fv2%2Ftags&post=3580"}],"curies":[{"name":"wp","href":"https:\/\/api.w.org\/{rel}","templated":true}]}}