{"id":3575,"date":"2015-07-08T19:34:42","date_gmt":"2015-07-08T22:34:42","guid":{"rendered":"http:\/\/adfformosa.com.ar\/?p=3575"},"modified":"2015-07-19T10:03:23","modified_gmt":"2015-07-19T13:03:23","slug":"9-de-julio-dia-de-la-independencia","status":"publish","type":"post","link":"https:\/\/adfformosa.com.ar\/?p=3575","title":{"rendered":"9 de julio \u00abD\u00eda de la Independencia\u00bb"},"content":{"rendered":"<div id=\"s-share-buttons\" class=\"horizontal-w-c-r-border s-share-w-c\"><a href=\"http:\/\/www.facebook.com\/sharer.php?u=https:\/\/adfformosa.com.ar\/?p=3575\" target=\"_blank\" title=\"Share to Facebook\" class=\"s3-facebook hint--top\"><\/a><a href=\"http:\/\/twitter.com\/intent\/tweet?text=9 de julio \u00abD\u00eda de la Independencia\u00bb&url=https:\/\/adfformosa.com.ar\/?p=3575\" target=\"_blank\"  title=\"Share to Twitter\" class=\"s3-twitter hint--top\"><\/a><a href=\"https:\/\/plus.google.com\/share?url=https:\/\/adfformosa.com.ar\/?p=3575\" target=\"_blank\"  title=\"Share to Google Plus\" class=\"s3-google-plus hint--top\"><\/a><a href=\"http:\/\/www.digg.com\/submit?url=https:\/\/adfformosa.com.ar\/?p=3575\" target=\"_blank\"  title=\"Share to Digg\" class=\"s3-digg hint--top\"><\/a><a href=\"http:\/\/www.tumblr.com\/share\/link?url=https%3A%2F%2Fadfformosa.com.ar%2F%3Fp%3D3575&name=9+de+julio+%C2%ABD%C3%ADa+de+la+Independencia%C2%BB\" target=\"_blank\" title=\"Share to Tumblr\" class=\"s3-tumblr hint--top\"><\/a><a href=\"mailto:?Subject=9%20de%20julio%20\u00abD\u00eda%20de%20la%20Independencia\u00bb&Body=Here%20is%20the%20link%20to%20the%20article:%20https:\/\/adfformosa.com.ar\/?p=3575\" title=\"Email this article\" class=\"s3-email hint--top\"><\/a><\/div><div id=\"attachment_3577\" style=\"width: 310px\" class=\"wp-caption alignleft\"><img loading=\"lazy\" decoding=\"async\" aria-describedby=\"caption-attachment-3577\" class=\"wp-image-3577 size-medium\" src=\"https:\/\/adfformosa.com.ar\/wp-content\/uploads\/2015\/07\/independencia-ar-300x227.jpg\" alt=\"independencia ar\" width=\"300\" height=\"227\" srcset=\"https:\/\/adfformosa.com.ar\/wp-content\/uploads\/2015\/07\/independencia-ar-300x227.jpg 300w, https:\/\/adfformosa.com.ar\/wp-content\/uploads\/2015\/07\/independencia-ar.jpg 400w\" sizes=\"auto, (max-width: 300px) 100vw, 300px\" \/><p id=\"caption-attachment-3577\" class=\"wp-caption-text\">9 de julio \u00abD\u00eda de la Independencia\u00bb ADF-2015<\/p><\/div>\n<div style=\"text-align: justify;\">En 1816, luego del camino iniciado por la Revoluci\u00f3n de Mayo en 1810, el pa\u00eds proclam\u00f3 en un Congreso en Tucum\u00e1n la existencia de una naci\u00f3n libre e independiente de la Corona Espa\u00f1ola, inaugurando el largo proceso de unificaci\u00f3n nacional.<\/div>\n<div style=\"text-align: justify;\"><\/div>\n<div style=\"text-align: justify;\">Luego de la Revoluci\u00f3n del 25 de mayo de 1810, el camino hacia la independencia nacional estaba trazado: la ruptura de los lazos coloniales con Espa\u00f1a en 1810 no hicieron m\u00e1s que cristalizar un movimiento liberador que ven\u00eda buscando, desde 1806, mayor participaci\u00f3n pol\u00edtica y econ\u00f3mica de los criollos.<\/div>\n<div style=\"text-align: justify;\"><\/div>\n<div style=\"text-align: justify;\"><\/div>\n<div style=\"text-align: justify;\">\n<div style=\"text-align: center;\"><span style=\"text-decoration: underline;\"><strong>Cronolog\u00eda del 9 de Julio<\/strong><\/span><\/div>\n<div><\/div>\n<div>En 1810, Am\u00e9rica del Sur estaba dividida en dos bandos: los revolucionarios y, por otro lado, los leales al Consejo de Regencia, llamados \u201crealistas\u201d. Los revolucionarios buscaban m\u00e1s autonom\u00eda dentro del sistema colonial hasta que volviera el rey y muy pocos se inclinaban por la independencia al principio. Por eso las juntas se hicieron en nombre de Fernando VII, el rey preso.<\/div>\n<div>\n<p><iframe loading=\"lazy\" title=\"Especial 9 de Julio\" width=\"500\" height=\"375\" src=\"https:\/\/www.youtube.com\/embed\/kphRAPpNFaY?feature=oembed\" frameborder=\"0\" allow=\"accelerometer; autoplay; clipboard-write; encrypted-media; gyroscope; picture-in-picture; web-share\" referrerpolicy=\"strict-origin-when-cross-origin\" allowfullscreen><\/iframe><\/p>\n<div>Sin embargo, cuando los revolucionarios intentaron sumar a los realistas a su determinaci\u00f3n, comenzaron las guerras entre ambos mandos, cuyo resultado ser\u00eda la independencia de los dominios coloniales en Am\u00e9rica. Espa\u00f1a no intervino porque se encontraba ocupada por los franceses y luchando por su propia independencia. La guerra no tuvo un mando \u00fanico, cada gobierno americano sigui\u00f3 sus propias decisiones.<\/div>\n<div><\/div>\n<div>En el R\u00edo de la Plata, la Banda Oriental \u2013lo que hoy es Uruguay- y el Litoral empezaron a defender su autonom\u00eda y a desafiar la postura centralista de Buenos Aires. Es por ello que, en la Asamblea de 1813, otro importante antecedente de la independencia, los representantes orientales no fueron aceptados cuando se convoc\u00f3 a un congreso para organizar al R\u00edo de la Plata. En la Asamblea, la mayor\u00eda revolucionaria era partidaria de declarar la independencia. Sin embargo, no se animaron a dar ese paso, a causa de los acontecimientos que se daban en Europa.<\/div>\n<div><\/div>\n<div>En efecto, en 1814, el rey Fernando VII fue liberado justo despu\u00e9s de que Rusia, Austria, Prusia, Suecia, Portugal, Espa\u00f1a y Gran Breta\u00f1a formaran una gran alianza que derrot\u00f3 a Napole\u00f3n. As\u00ed, las monarqu\u00edas absolutistas resultaron grandes ganadores y declararon que cualquier gobierno surgido de una revoluci\u00f3n era ileg\u00edtimo.<\/div>\n<div><\/div>\n<div>Sin embargo, ya desde 1813 los revolucionarios estaban bien encaminados: Bol\u00edvar reconquist\u00f3 Caracas e instal\u00f3 la segunda rep\u00fablica venezolana; los revolucionarios del R\u00edo de la Plata triunfaron en la batalla de Salta sobre los realistas.\u00a0 Y San Mart\u00edn ya estaba formando el Ej\u00e9rcito de los Andes, con el objetivo de liberar los territorios de Chile y Per\u00fa.<\/div>\n<div><\/div>\n<div>Por su parte, el enfrentamiento entre Buenos Aires y los seguidores de Artigas, m\u00e1ximo l\u00edder de la Banda Oriental, se agudiz\u00f3: el Litoral y la Banda Oriental formaron la \u201cLiga de los Pueblos Libres\u201d y se separaron del resto de las Provincias Unidas del R\u00edo de la Plata. Por su parte, Paraguay, que hab\u00eda dejado de ser realista, se desvincul\u00f3 completamente del resto y se mantuvo aislada.<\/div>\n<div><\/div>\n<div>A fines de 1815, la situaci\u00f3n de los revolucionarios era desesperada. Venezuela y Colombia fueron reconquistadas por los realistas. S\u00f3lo el R\u00edo de la Plata segu\u00eda en pie, amenazado desde Chile y el Alto Per\u00fa. A nivel internacional, la situaci\u00f3n era preocupante: Austria, Rusia y Prusia hab\u00edan formado la Santa Alianza para defender a los absolutismos y apoyaban a Fernando VII en su b\u00fasqueda de recuperar su imperio.<\/div>\n<div>\n<p><iframe loading=\"lazy\" title=\"Postales de Encuentro HOY: el lugar m\u00e1s visitado de Tucum\u00e1n\" width=\"500\" height=\"375\" src=\"https:\/\/www.youtube.com\/embed\/5S97ZDECBAg?feature=oembed\" frameborder=\"0\" allow=\"accelerometer; autoplay; clipboard-write; encrypted-media; gyroscope; picture-in-picture; web-share\" referrerpolicy=\"strict-origin-when-cross-origin\" allowfullscreen><\/iframe><\/p>\n<div>En medio de esa gran emergencia, en 1816 las Provincias Unidas decidieron convocar a un nuevo congreso, que se reuni\u00f3 en Tucum\u00e1n para decidir qu\u00e9 hacer. Todas las provincias de la Liga de los Pueblos Libres (Banda Oriental, Corrientes, Entre R\u00edos, Misiones y Santa Fe) no lograron participar del encuentro, ya que sus representantes fueron aprisionados por el Directorio unitario instalado en Buenos Aires. Una sola provincia de ideas federalistas pudo hacer llegar a sus representantes: C\u00f3rdoba. Los territorios de la Patagonia, Comahue y el Gran Chaco se encontraban bajo el dominio de los llamados pueblos originarios. El Congreso se inici\u00f3 el 24 de marzo de 1816 con la presencia de 33 diputados, en una casa en San Miguel de Tucum\u00e1n, alquilada a Francisca Baz\u00e1n de Laguna, hoy Monumento Hist\u00f3rico Nacional.<\/div>\n<div><\/div>\n<div>Cabe destacar que, pese a una hegemon\u00eda de representantes de todas las provincias partidarias del centralismo porte\u00f1o, el Congreso expres\u00f3 en gran parte intenciones federales mantenidas por Jos\u00e9 de San Mart\u00edn, Manuel Belgrano y Bernardo de Monteagudo. Luego de acaloradas discusiones, el Congreso del 9 de julio de 1816 proclam\u00f3 la declaraci\u00f3n de independencia argentina respecto de Espa\u00f1a y de toda otra dominaci\u00f3n extranjera.<\/div>\n<div><\/div>\n<div>Fuente: <a href=\"http:\/\/argentina.ar\/\">Argentina.ar<\/a><\/div>\n<div><\/div>\n<\/div>\n<\/div>\n<\/div>\n","protected":false},"excerpt":{"rendered":"<p>En 1816, luego del camino iniciado por la Revoluci\u00f3n de Mayo en 1810, el pa\u00eds proclam\u00f3 en un Congreso en Tucum\u00e1n la existencia de una naci\u00f3n libre e independiente de&#8230; <span class=\"meta-more\"><a href=\"https:\/\/adfformosa.com.ar\/?p=3575\">Leer mas &raquo;<\/a><\/span><\/p>\n","protected":false},"author":3,"featured_media":3577,"comment_status":"open","ping_status":"closed","sticky":false,"template":"","format":"standard","meta":{"footnotes":""},"categories":[2],"tags":[],"class_list":["post-3575","post","type-post","status-publish","format-standard","has-post-thumbnail","hentry","category-prensa-adf","even alt"],"_links":{"self":[{"href":"https:\/\/adfformosa.com.ar\/index.php?rest_route=\/wp\/v2\/posts\/3575","targetHints":{"allow":["GET"]}}],"collection":[{"href":"https:\/\/adfformosa.com.ar\/index.php?rest_route=\/wp\/v2\/posts"}],"about":[{"href":"https:\/\/adfformosa.com.ar\/index.php?rest_route=\/wp\/v2\/types\/post"}],"author":[{"embeddable":true,"href":"https:\/\/adfformosa.com.ar\/index.php?rest_route=\/wp\/v2\/users\/3"}],"replies":[{"embeddable":true,"href":"https:\/\/adfformosa.com.ar\/index.php?rest_route=%2Fwp%2Fv2%2Fcomments&post=3575"}],"version-history":[{"count":3,"href":"https:\/\/adfformosa.com.ar\/index.php?rest_route=\/wp\/v2\/posts\/3575\/revisions"}],"predecessor-version":[{"id":3598,"href":"https:\/\/adfformosa.com.ar\/index.php?rest_route=\/wp\/v2\/posts\/3575\/revisions\/3598"}],"wp:featuredmedia":[{"embeddable":true,"href":"https:\/\/adfformosa.com.ar\/index.php?rest_route=\/wp\/v2\/media\/3577"}],"wp:attachment":[{"href":"https:\/\/adfformosa.com.ar\/index.php?rest_route=%2Fwp%2Fv2%2Fmedia&parent=3575"}],"wp:term":[{"taxonomy":"category","embeddable":true,"href":"https:\/\/adfformosa.com.ar\/index.php?rest_route=%2Fwp%2Fv2%2Fcategories&post=3575"},{"taxonomy":"post_tag","embeddable":true,"href":"https:\/\/adfformosa.com.ar\/index.php?rest_route=%2Fwp%2Fv2%2Ftags&post=3575"}],"curies":[{"name":"wp","href":"https:\/\/api.w.org\/{rel}","templated":true}]}}