{"id":3555,"date":"2015-06-28T20:26:08","date_gmt":"2015-06-28T23:26:08","guid":{"rendered":"http:\/\/adfformosa.com.ar\/?p=3555"},"modified":"2015-07-04T18:01:49","modified_gmt":"2015-07-04T21:01:49","slug":"corrientessuteco-insiste-ante-el-gobernador-que-dicte-decreto-de-reglamentacion-de-la-paritaria-docente","status":"publish","type":"post","link":"https:\/\/adfformosa.com.ar\/?p=3555","title":{"rendered":"Corrientes: SUTECO insiste ante el Gobernador que dicte decreto de reglamentacion de la paritaria docente"},"content":{"rendered":"<div id=\"s-share-buttons\" class=\"horizontal-w-c-r-border s-share-w-c\"><a href=\"http:\/\/www.facebook.com\/sharer.php?u=https:\/\/adfformosa.com.ar\/?p=3555\" target=\"_blank\" title=\"Share to Facebook\" class=\"s3-facebook hint--top\"><\/a><a href=\"http:\/\/twitter.com\/intent\/tweet?text=Corrientes: SUTECO insiste ante el Gobernador que dicte decreto de reglamentacion de la paritaria docente&url=https:\/\/adfformosa.com.ar\/?p=3555\" target=\"_blank\"  title=\"Share to Twitter\" class=\"s3-twitter hint--top\"><\/a><a href=\"https:\/\/plus.google.com\/share?url=https:\/\/adfformosa.com.ar\/?p=3555\" target=\"_blank\"  title=\"Share to Google Plus\" class=\"s3-google-plus hint--top\"><\/a><a href=\"http:\/\/www.digg.com\/submit?url=https:\/\/adfformosa.com.ar\/?p=3555\" target=\"_blank\"  title=\"Share to Digg\" class=\"s3-digg hint--top\"><\/a><a href=\"http:\/\/www.tumblr.com\/share\/link?url=https%3A%2F%2Fadfformosa.com.ar%2F%3Fp%3D3555&name=Corrientes%3A+SUTECO+insiste+ante+el+Gobernador+que+dicte+decreto+de+reglamentacion+de+la+paritaria+docente\" target=\"_blank\" title=\"Share to Tumblr\" class=\"s3-tumblr hint--top\"><\/a><a href=\"mailto:?Subject=Corrientes:%20SUTECO%20insiste%20ante%20el%20Gobernador%20que%20dicte%20decreto%20de%20reglamentacion%20de%20la%20paritaria%20docente&Body=Here%20is%20the%20link%20to%20the%20article:%20https:\/\/adfformosa.com.ar\/?p=3555\" title=\"Email this article\" class=\"s3-email hint--top\"><\/a><\/div><div class=\"itemIntroText\">\n<p style=\"text-align: justify;\"><img loading=\"lazy\" decoding=\"async\" class=\" size-medium wp-image-3557 alignleft\" src=\"https:\/\/adfformosa.com.ar\/wp-content\/uploads\/2015\/07\/eba0b3f922fd6ab7e48e4ca07e727252_L-228x300.jpg\" alt=\"eba0b3f922fd6ab7e48e4ca07e727252_L\" width=\"228\" height=\"300\" srcset=\"https:\/\/adfformosa.com.ar\/wp-content\/uploads\/2015\/07\/eba0b3f922fd6ab7e48e4ca07e727252_L-228x300.jpg 228w, https:\/\/adfformosa.com.ar\/wp-content\/uploads\/2015\/07\/eba0b3f922fd6ab7e48e4ca07e727252_L.jpg 700w\" sizes=\"auto, (max-width: 228px) 100vw, 228px\" \/>En el marco del acuerdo alcanzado con el Ministerio de Educaci\u00f3n en la Conciliaci\u00f3n Obligatoria establecida por la Subsecretar\u00eda de Trabajo, SUTECO ha presentando al Gobernador Ricardo Colombi una nota insistiendo con el reclamo de que dicte el Decreto de Reglamentaci\u00f3n de la Ley de Paritaria Docente N\u00b0 6030.-<\/p>\n<\/div>\n<div class=\"itemFullText\" style=\"text-align: justify;\">\n<p style=\"text-align: justify;\">En la misiva al primer mandatario, la organizaci\u00f3n sindical adjunt\u00f3 el documento de anteproyecto de reglamentaci\u00f3n mencionada, el que fuera definido por todo el arco sindical docente sin excepci\u00f3n, por lo que solamente resta que el gobernador firme el Decreto pertinente.-<\/p>\n<p style=\"text-align: justify;\">La nota, firmada por la conducci\u00f3n sindical representada por los Profesores Fernando Ram\u00edrez y Gerardo Marturet, remarca el tiempo transcurrido desde la aprobaci\u00f3n de la ley en 2010 y el tr\u00e1mite encarado a trav\u00e9s del expediente N\u00b0 183-0462\/15, instancia de negociaci\u00f3n en la que los funcionarios del Ministerio de Educaci\u00f3n comprometieron el dictado de la reglamentaci\u00f3n y en la que SUTECO dej\u00f3 muy en claro que la cuesti\u00f3n salarial estaba atada a que se constituyera el \u00e1mbito paritario.<\/p>\n<p style=\"text-align: justify;\">Por lo tanto, si no se cumple con el Decreto, el conflicto salarial podr\u00eda reabrirse luego del receso de invierno.-<\/p>\n<p style=\"text-align: justify;\">Corrientes, 27 de junio de 2015.-<\/p>\n<\/div>\n<p style=\"text-align: justify;\">Prensa CTERA.<\/p>\n","protected":false},"excerpt":{"rendered":"<p>En el marco del acuerdo alcanzado con el Ministerio de Educaci\u00f3n en la Conciliaci\u00f3n Obligatoria establecida por la Subsecretar\u00eda de Trabajo, SUTECO ha presentando al Gobernador Ricardo Colombi una nota&#8230; <span class=\"meta-more\"><a href=\"https:\/\/adfformosa.com.ar\/?p=3555\">Leer mas &raquo;<\/a><\/span><\/p>\n","protected":false},"author":3,"featured_media":3557,"comment_status":"open","ping_status":"closed","sticky":false,"template":"","format":"standard","meta":{"footnotes":""},"categories":[2],"tags":[],"class_list":["post-3555","post","type-post","status-publish","format-standard","has-post-thumbnail","hentry","category-prensa-adf","even alt"],"_links":{"self":[{"href":"https:\/\/adfformosa.com.ar\/index.php?rest_route=\/wp\/v2\/posts\/3555","targetHints":{"allow":["GET"]}}],"collection":[{"href":"https:\/\/adfformosa.com.ar\/index.php?rest_route=\/wp\/v2\/posts"}],"about":[{"href":"https:\/\/adfformosa.com.ar\/index.php?rest_route=\/wp\/v2\/types\/post"}],"author":[{"embeddable":true,"href":"https:\/\/adfformosa.com.ar\/index.php?rest_route=\/wp\/v2\/users\/3"}],"replies":[{"embeddable":true,"href":"https:\/\/adfformosa.com.ar\/index.php?rest_route=%2Fwp%2Fv2%2Fcomments&post=3555"}],"version-history":[{"count":2,"href":"https:\/\/adfformosa.com.ar\/index.php?rest_route=\/wp\/v2\/posts\/3555\/revisions"}],"predecessor-version":[{"id":3565,"href":"https:\/\/adfformosa.com.ar\/index.php?rest_route=\/wp\/v2\/posts\/3555\/revisions\/3565"}],"wp:featuredmedia":[{"embeddable":true,"href":"https:\/\/adfformosa.com.ar\/index.php?rest_route=\/wp\/v2\/media\/3557"}],"wp:attachment":[{"href":"https:\/\/adfformosa.com.ar\/index.php?rest_route=%2Fwp%2Fv2%2Fmedia&parent=3555"}],"wp:term":[{"taxonomy":"category","embeddable":true,"href":"https:\/\/adfformosa.com.ar\/index.php?rest_route=%2Fwp%2Fv2%2Fcategories&post=3555"},{"taxonomy":"post_tag","embeddable":true,"href":"https:\/\/adfformosa.com.ar\/index.php?rest_route=%2Fwp%2Fv2%2Ftags&post=3555"}],"curies":[{"name":"wp","href":"https:\/\/api.w.org\/{rel}","templated":true}]}}