{"id":3550,"date":"2015-06-25T20:20:29","date_gmt":"2015-06-25T23:20:29","guid":{"rendered":"http:\/\/adfformosa.com.ar\/?p=3550"},"modified":"2015-07-04T18:05:59","modified_gmt":"2015-07-04T21:05:59","slug":"formacion-politico-sindical-de-ctera-segundo-encuentro","status":"publish","type":"post","link":"https:\/\/adfformosa.com.ar\/?p=3550","title":{"rendered":"Formaci\u00f3n pol\u00edtico sindical de CTERA: Segundo encuentro"},"content":{"rendered":"<div id=\"s-share-buttons\" class=\"horizontal-w-c-r-border s-share-w-c\"><a href=\"http:\/\/www.facebook.com\/sharer.php?u=https:\/\/adfformosa.com.ar\/?p=3550\" target=\"_blank\" title=\"Share to Facebook\" class=\"s3-facebook hint--top\"><\/a><a href=\"http:\/\/twitter.com\/intent\/tweet?text=Formaci\u00f3n pol\u00edtico sindical de CTERA: Segundo encuentro&url=https:\/\/adfformosa.com.ar\/?p=3550\" target=\"_blank\"  title=\"Share to Twitter\" class=\"s3-twitter hint--top\"><\/a><a href=\"https:\/\/plus.google.com\/share?url=https:\/\/adfformosa.com.ar\/?p=3550\" target=\"_blank\"  title=\"Share to Google Plus\" class=\"s3-google-plus hint--top\"><\/a><a href=\"http:\/\/www.digg.com\/submit?url=https:\/\/adfformosa.com.ar\/?p=3550\" target=\"_blank\"  title=\"Share to Digg\" class=\"s3-digg hint--top\"><\/a><a href=\"http:\/\/www.tumblr.com\/share\/link?url=https%3A%2F%2Fadfformosa.com.ar%2F%3Fp%3D3550&name=Formaci%C3%B3n+pol%C3%ADtico+sindical+de+CTERA%3A+Segundo+encuentro\" target=\"_blank\" title=\"Share to Tumblr\" class=\"s3-tumblr hint--top\"><\/a><a href=\"mailto:?Subject=Formaci\u00f3n%20pol\u00edtico%20sindical%20de%20CTERA:%20Segundo%20encuentro&Body=Here%20is%20the%20link%20to%20the%20article:%20https:\/\/adfformosa.com.ar\/?p=3550\" title=\"Email this article\" class=\"s3-email hint--top\"><\/a><\/div><div class=\"itemIntroText\">\n<h3><img loading=\"lazy\" decoding=\"async\" class=\" size-medium wp-image-3552 alignleft\" src=\"https:\/\/adfformosa.com.ar\/wp-content\/uploads\/2015\/07\/8d047b09516955b0b5949fbe060277c1_L-300x200.jpg\" alt=\"8d047b09516955b0b5949fbe060277c1_L\" width=\"300\" height=\"200\" srcset=\"https:\/\/adfformosa.com.ar\/wp-content\/uploads\/2015\/07\/8d047b09516955b0b5949fbe060277c1_L-300x200.jpg 300w, https:\/\/adfformosa.com.ar\/wp-content\/uploads\/2015\/07\/8d047b09516955b0b5949fbe060277c1_L.jpg 700w\" sizes=\"auto, (max-width: 300px) 100vw, 300px\" \/>Se realiza el segundo Encuentro Nacional de la Formaci\u00f3n Pol\u00edtico Sindical de CTERA.<\/h3>\n<\/div>\n<div class=\"itemFullText\">\n<p style=\"text-align: justify;\">Con representantes de todo el pa\u00eds se desarrolla el segundo Encuentro Nacional organizado por la Secretar\u00eda de Formaci\u00f3n Pol\u00edtico Sindical de CTERA.<\/p>\n<div style=\"text-align: justify;\">En el panel de apertura expusieron Sonia Alesso &#8211; Secretaria General de CTERA -, Roberto Baradel &#8211; CTERA &#8211; \u00a0y Javier Guevara \u00a0&#8211; Secretario de Formaci\u00f3n Pol\u00edtico Sindical -.<\/div>\n<div style=\"text-align: justify;\"><\/div>\n<div style=\"text-align: justify;\">Con gran concurrencia de docentes de todas las provincias, participan tambi\u00e9n del Encuentro miembros de la Junta Ejecutiva de CTERA, Secretarios Generales de las entidades de base y dirigentes provinciales.<\/div>\n<div style=\"text-align: justify;\"><\/div>\n<div style=\"text-align: justify;\">En el panel sobre Historia del Movimiento Sindical expusieron los historiadores Juan Baldussi y Ernesto Salas.<\/div>\n<div style=\"text-align: justify;\"><\/div>\n<div style=\"text-align: justify;\">La formaci\u00f3n pol\u00edtico sindical es una herramienta fundamental de nuestra organizaci\u00f3n para ir formando a las y los trabajadores de la educaci\u00f3n de nuestra organizaci\u00f3n.<\/div>\n<div style=\"text-align: justify;\"><\/div>\n<div style=\"text-align: justify;\">\u00a0 Alejo Demichelis \u00a0 \u00a0 \u00a0 \u00a0 \u00a0 \u00a0 \u00a0 \u00a0 \u00a0 \u00a0 \u00a0 \u00a0 \u00a0 Sonia Alesso<\/div>\n<div style=\"text-align: justify;\">Secretario de Prensa \u00a0 \u00a0 \u00a0 \u00a0 \u00a0 \u00a0 \u00a0 \u00a0 \u00a0 Secretaria General<\/div>\n<\/div>\n<div style=\"text-align: justify;\"><\/div>\n","protected":false},"excerpt":{"rendered":"<p>Se realiza el segundo Encuentro Nacional de la Formaci\u00f3n Pol\u00edtico Sindical de CTERA. Con representantes de todo el pa\u00eds se desarrolla el segundo Encuentro Nacional organizado por la Secretar\u00eda de&#8230; <span class=\"meta-more\"><a href=\"https:\/\/adfformosa.com.ar\/?p=3550\">Leer mas &raquo;<\/a><\/span><\/p>\n","protected":false},"author":3,"featured_media":3552,"comment_status":"open","ping_status":"closed","sticky":false,"template":"","format":"standard","meta":{"footnotes":""},"categories":[2],"tags":[],"class_list":["post-3550","post","type-post","status-publish","format-standard","has-post-thumbnail","hentry","category-prensa-adf","even alt"],"_links":{"self":[{"href":"https:\/\/adfformosa.com.ar\/index.php?rest_route=\/wp\/v2\/posts\/3550","targetHints":{"allow":["GET"]}}],"collection":[{"href":"https:\/\/adfformosa.com.ar\/index.php?rest_route=\/wp\/v2\/posts"}],"about":[{"href":"https:\/\/adfformosa.com.ar\/index.php?rest_route=\/wp\/v2\/types\/post"}],"author":[{"embeddable":true,"href":"https:\/\/adfformosa.com.ar\/index.php?rest_route=\/wp\/v2\/users\/3"}],"replies":[{"embeddable":true,"href":"https:\/\/adfformosa.com.ar\/index.php?rest_route=%2Fwp%2Fv2%2Fcomments&post=3550"}],"version-history":[{"count":4,"href":"https:\/\/adfformosa.com.ar\/index.php?rest_route=\/wp\/v2\/posts\/3550\/revisions"}],"predecessor-version":[{"id":3569,"href":"https:\/\/adfformosa.com.ar\/index.php?rest_route=\/wp\/v2\/posts\/3550\/revisions\/3569"}],"wp:featuredmedia":[{"embeddable":true,"href":"https:\/\/adfformosa.com.ar\/index.php?rest_route=\/wp\/v2\/media\/3552"}],"wp:attachment":[{"href":"https:\/\/adfformosa.com.ar\/index.php?rest_route=%2Fwp%2Fv2%2Fmedia&parent=3550"}],"wp:term":[{"taxonomy":"category","embeddable":true,"href":"https:\/\/adfformosa.com.ar\/index.php?rest_route=%2Fwp%2Fv2%2Fcategories&post=3550"},{"taxonomy":"post_tag","embeddable":true,"href":"https:\/\/adfformosa.com.ar\/index.php?rest_route=%2Fwp%2Fv2%2Ftags&post=3550"}],"curies":[{"name":"wp","href":"https:\/\/api.w.org\/{rel}","templated":true}]}}