{"id":3547,"date":"2015-06-25T20:01:54","date_gmt":"2015-06-25T23:01:54","guid":{"rendered":"http:\/\/adfformosa.com.ar\/?p=3547"},"modified":"2015-07-04T18:03:48","modified_gmt":"2015-07-04T21:03:48","slug":"ctera-participo-de-las-jornadas-federales-la-violencia-contra-las-mujeres-las-escuelas-como-escenarios-de-proteccion-de-derechos","status":"publish","type":"post","link":"https:\/\/adfformosa.com.ar\/?p=3547","title":{"rendered":"CTERA particip\u00f3 de las Jornadas Federales \u201cLa violencia contra las mujeres: las escuelas como escenarios de protecci\u00f3n de derechos\u00bb"},"content":{"rendered":"<div id=\"s-share-buttons\" class=\"horizontal-w-c-r-border s-share-w-c\"><a href=\"http:\/\/www.facebook.com\/sharer.php?u=https:\/\/adfformosa.com.ar\/?p=3547\" target=\"_blank\" title=\"Share to Facebook\" class=\"s3-facebook hint--top\"><\/a><a href=\"http:\/\/twitter.com\/intent\/tweet?text=CTERA particip\u00f3 de las Jornadas Federales \u201cLa violencia contra las mujeres: las escuelas como escenarios de protecci\u00f3n de derechos\u00bb&url=https:\/\/adfformosa.com.ar\/?p=3547\" target=\"_blank\"  title=\"Share to Twitter\" class=\"s3-twitter hint--top\"><\/a><a href=\"https:\/\/plus.google.com\/share?url=https:\/\/adfformosa.com.ar\/?p=3547\" target=\"_blank\"  title=\"Share to Google Plus\" class=\"s3-google-plus hint--top\"><\/a><a href=\"http:\/\/www.digg.com\/submit?url=https:\/\/adfformosa.com.ar\/?p=3547\" target=\"_blank\"  title=\"Share to Digg\" class=\"s3-digg hint--top\"><\/a><a href=\"http:\/\/www.tumblr.com\/share\/link?url=https%3A%2F%2Fadfformosa.com.ar%2F%3Fp%3D3547&name=CTERA+particip%C3%B3+de+las+Jornadas+Federales+%E2%80%9CLa+violencia+contra+las+mujeres%3A+las+escuelas+como+escenarios+de+protecci%C3%B3n+de+derechos%C2%BB\" target=\"_blank\" title=\"Share to Tumblr\" class=\"s3-tumblr hint--top\"><\/a><a href=\"mailto:?Subject=CTERA%20particip\u00f3%20de%20las%20Jornadas%20Federales%20\u201cLa%20violencia%20contra%20las%20mujeres:%20las%20escuelas%20como%20escenarios%20de%20protecci\u00f3n%20de%20derechos\u00bb&Body=Here%20is%20the%20link%20to%20the%20article:%20https:\/\/adfformosa.com.ar\/?p=3547\" title=\"Email this article\" class=\"s3-email hint--top\"><\/a><\/div><div class=\"itemIntroText\">\n<h4 class=\"ecxMsoNormal\" style=\"text-align: justify;\"><img loading=\"lazy\" decoding=\"async\" class=\" size-medium wp-image-3548 alignleft\" src=\"https:\/\/adfformosa.com.ar\/wp-content\/uploads\/2015\/07\/df8bdc0787eb68c35292ff74fa60466b_L-300x225.jpg\" alt=\"df8bdc0787eb68c35292ff74fa60466b_L\" width=\"300\" height=\"225\" srcset=\"https:\/\/adfformosa.com.ar\/wp-content\/uploads\/2015\/07\/df8bdc0787eb68c35292ff74fa60466b_L-300x225.jpg 300w, https:\/\/adfformosa.com.ar\/wp-content\/uploads\/2015\/07\/df8bdc0787eb68c35292ff74fa60466b_L.jpg 700w\" sizes=\"auto, (max-width: 300px) 100vw, 300px\" \/>25 y 26 de junio de 2015<\/h4>\n<p style=\"text-align: justify;\">El ministro de Educaci\u00f3n de la Naci\u00f3n, Alberto Sileoni, inaugur\u00f3 el Encuentro Federal \u201cLa violencia contra las mujeres: las escuelas como escenarios de protecci\u00f3n de derechos\u201d; junto al secretario de Educaci\u00f3n de la Naci\u00f3n, Jaime Perczyk.<\/p>\n<\/div>\n<div class=\"itemFullText\">\n<p class=\"ecxMsoNormal\" style=\"text-align: justify;\">La iniciativa busca promover el intercambio entre docentes, estudiantes y equipos de las jurisdicciones del pa\u00eds, difundiendo las pol\u00edticas p\u00fablicas que se desarrollan en relaci\u00f3n a la violencia de g\u00e9nero; y, al mismo tiempo, poner en valor las distintas acciones interministeriales que acompa\u00f1en a las instituciones educativas en este esta responsabilidad.<\/p>\n<p class=\"ecxMsoNormal\" style=\"text-align: justify;\">La CTERA \u00a0participa del encuentro donde estuvieron presentes:<\/p>\n<ul style=\"text-align: justify;\">\n<li class=\"ecxMsoNormal\"><span lang=\"ES-AR\">\u00a0<\/span><span lang=\"ES-AR\">Representantes de las direcciones de los niveles educativos\u00a0\u00a0de todas las jurisdicciones, alternando las modalidades.<\/span><\/li>\n<li class=\"ecxMsoNormal\"><span lang=\"ES-AR\">\u00a0<\/span>Referentes del Programa ESI de todas las jurisdicciones<\/li>\n<li class=\"ecxMsoNormal\"><span lang=\"ES-AR\">\u00a0\u00a0<\/span>Representantes de EDJA, Educaci\u00f3n T\u00e9cnica, de los programas de Inclusi\u00f3n Democr\u00e1tica, de los CAJ y las Mesas Socioeducativas, chicos y chicas de parlamentos juveniles.<\/li>\n<\/ul>\n<p class=\"ecxMsoNormal\" style=\"text-align: justify;\">CTERA ,a trav\u00e9s de su Secretar\u00eda de G\u00e9nero y las siguientes entidades de base, expondr\u00e1n las siguientes experiencias :<\/p>\n<p class=\"ecxMsoNormal\" style=\"text-align: justify;\"><span style=\"text-decoration: underline;\"><b>UTRE -CHACO<\/b><\/span><\/p>\n<p class=\"ecxMsoNormal\" style=\"text-align: justify;\">Resultados\u00a0del \u00a0taller sobre Violencia de G\u00e9nero que se realiza en la Localidad de \u201cEl Sausalito \u201c, zona del Impenetrable en la Provincia del Chaco, actividad coordinada por la Secretaria de G\u00e9nero e Igualdad de oportunidades de UTRE, Lucia Soria y la docente\u00a0 Marilin Rolon.<\/p>\n<p class=\"ecxMsoNormal\" style=\"text-align: justify;\">Los destinatarios alumnas\/os adultas\/os en su mayor\u00eda pertenecen a la etnia WICHI, que se encuentran realizando la terminalidad\u00a0\u00a0mediante el Plan FINES. Entre ellos el personal de salud que all\u00ed trabaja y est\u00e1n finalizando sus estudios.<\/p>\n<p class=\"ecxMsoNormal\" style=\"text-align: justify;\"><span style=\"text-decoration: underline;\"><b>SECRETAR\u00cdA DE G\u00c9NERO CTERA-ATECH DE LA PROVINCIA DE CHUBUT<\/b><\/span><\/p>\n<p class=\"ecxMsoNormal\" style=\"text-align: justify;\">\u00a0La compa\u00f1era Estefan\u00eda Aguirre -Secretaria de G\u00e9nero de CTERA \u2013 plantear\u00e1 el marco de la pol\u00edtica gremial de CTERA que incorpora en nuestra agenda y en cada entidad de base, la Licencia por Violencia de G\u00e9nero para las Trabajadoras de la Educaci\u00f3n, como una forma de hacer visible la problem\u00e1tica pero adem\u00e1s como el resguardo Laboral, que plantea la ley 26.485 , all\u00ed se informar\u00e1 sobre la\u00a0 experiencia de la provincia de Chubut, que ya cuentan con Licencia por Violencia de G\u00e9nero, logro conseguido en\u00a0 Paritaria , y los logros en\u00a0 AMSAFE.<\/p>\n<p class=\"ecxMsoNormal\" style=\"text-align: justify;\">Tambi\u00e9n se expondr\u00e1n los avances en las distintas entidades que ya vienen exigiendo la licencia por violencia de g\u00e9nero.<\/p>\n<p class=\"ecxMsoNormal\" style=\"text-align: justify;\"><span style=\"text-decoration: underline;\"><b>AMSAFE- SANTA F\u00c9<\/b><\/span><\/p>\n<p class=\"ecxMsoNormal\" style=\"text-align: justify;\">\u00a0Experiencias de taller ESI\u00a0 en las escuelas primarias y de nivel inicial \u201c\u00a0<span lang=\"ES-AR\">Qu\u00e9 contamos cuando contamos?\u201d, aborda la literatura infantil con el objetivo de realizar an\u00e1lisis cr\u00edtico de los esterotipos de g\u00e9nero que aparecen generalmente en los cuentos tradicionales. <\/span><\/p>\n<p class=\"ecxMsoNormal\" style=\"text-align: justify;\"><span lang=\"ES-AR\">Participan las compa\u00f1eras Zulema Herrera; Clara Perezlindo, Viviana Guarda y Marita Zurbriggen .<\/span><\/p>\n<p class=\"ecxMsoNormal\" style=\"text-align: justify;\"><span style=\"text-decoration: underline;\"><b><span lang=\"ES-AR\">SUTEBA-PROVINCIA DE BUENOS AIRES<\/span><\/b><\/span><\/p>\n<p class=\"ecxMsoNormal\" style=\"text-align: justify;\"><span lang=\"ES-AR\">\u00a0P<\/span><span lang=\"ES-AR\">articipa en la mesa de formadores\/as, trae la experiencia del abordaje en los Institutos de Formacion Docente en referencia a ESI, desde el sindicato participan Rosana Merlos \u2013 Sec. de Derechos Humanos de SUTEBA &#8211; y Cristina Echegoyen \u2013 \u00c1rea de Derechos Humanos de SUTEBA -.<\/span><\/p>\n<p class=\"ecxMsoNormal\" style=\"text-align: justify;\"><span style=\"text-decoration: underline;\"><b><span lang=\"ES-AR\">UTE- CTERA CAPITAL<\/span><\/b><\/span><\/p>\n<p class=\"ecxMsoNormal\" style=\"text-align: justify;\"><span lang=\"ES-AR\">\u00a0Describir\u00e1 la lucha de la organizaci\u00f3n para incorporar la\u00a0 \u00abLicencia por Violencia de G\u00e9nero\u00bb en la Ciudad de Buenos Aires. Las acciones que desde UTE se vienen dando, el procedimiento de presentaci\u00f3n del proyecto ante la Legislatura Porte\u00f1a\u00a0 en virtud de que no tiene paritaria. De esta exposici\u00f3n participa la Secretaria de G\u00e9nero de UTE Alejandra Bonato.<\/span><\/p>\n<p class=\"ecxMsoNormal\" style=\"text-align: justify;\">Del encuentro federal tambi\u00e9n participar\u00e1n\u00a0\u00a0\u00e1reas de gobierno nacional involucradas y que est\u00e9n trabajando con educaci\u00f3n,\u00a0gremios docentes,\u00a0\u00a0organizaciones de la sociedad civil, \u00e1reas de g\u00e9nero de las universidades nacionales\u00a0y provinciales, periodismo especializado, artistas, representantes de las OSCs que integran la mesa nacional por el derecho a la educaci\u00f3n.<\/p>\n<p class=\"ecxMsoNormal\" style=\"text-align: justify;\">Alejo Demichelis\u00a0\u00a0\u00a0\u00a0\u00a0\u00a0\u00a0\u00a0\u00a0\u00a0\u00a0\u00a0\u00a0\u00a0\u00a0 Estefan\u00eda Aguirre\u00a0\u00a0\u00a0\u00a0\u00a0\u00a0\u00a0\u00a0\u00a0\u00a0\u00a0\u00a0\u00a0\u00a0\u00a0\u00a0\u00a0\u00a0 Sonia Alesso<\/p>\n<p class=\"ecxMsoNormal\" style=\"text-align: justify;\">Sec. de Prensa\u00a0\u00a0\u00a0\u00a0\u00a0\u00a0\u00a0\u00a0\u00a0\u00a0\u00a0\u00a0\u00a0\u00a0\u00a0\u00a0 Secretaria de G\u00e9nero\u00a0\u00a0\u00a0\u00a0\u00a0\u00a0\u00a0\u00a0\u00a0\u00a0 Secretaria General<\/p>\n<\/div>\n","protected":false},"excerpt":{"rendered":"<p>25 y 26 de junio de 2015 El ministro de Educaci\u00f3n de la Naci\u00f3n, Alberto Sileoni, inaugur\u00f3 el Encuentro Federal \u201cLa violencia contra las mujeres: las escuelas como escenarios de&#8230; <span class=\"meta-more\"><a href=\"https:\/\/adfformosa.com.ar\/?p=3547\">Leer mas &raquo;<\/a><\/span><\/p>\n","protected":false},"author":3,"featured_media":3548,"comment_status":"open","ping_status":"closed","sticky":false,"template":"","format":"standard","meta":{"footnotes":""},"categories":[2],"tags":[],"class_list":["post-3547","post","type-post","status-publish","format-standard","has-post-thumbnail","hentry","category-prensa-adf","even alt"],"_links":{"self":[{"href":"https:\/\/adfformosa.com.ar\/index.php?rest_route=\/wp\/v2\/posts\/3547","targetHints":{"allow":["GET"]}}],"collection":[{"href":"https:\/\/adfformosa.com.ar\/index.php?rest_route=\/wp\/v2\/posts"}],"about":[{"href":"https:\/\/adfformosa.com.ar\/index.php?rest_route=\/wp\/v2\/types\/post"}],"author":[{"embeddable":true,"href":"https:\/\/adfformosa.com.ar\/index.php?rest_route=\/wp\/v2\/users\/3"}],"replies":[{"embeddable":true,"href":"https:\/\/adfformosa.com.ar\/index.php?rest_route=%2Fwp%2Fv2%2Fcomments&post=3547"}],"version-history":[{"count":2,"href":"https:\/\/adfformosa.com.ar\/index.php?rest_route=\/wp\/v2\/posts\/3547\/revisions"}],"predecessor-version":[{"id":3568,"href":"https:\/\/adfformosa.com.ar\/index.php?rest_route=\/wp\/v2\/posts\/3547\/revisions\/3568"}],"wp:featuredmedia":[{"embeddable":true,"href":"https:\/\/adfformosa.com.ar\/index.php?rest_route=\/wp\/v2\/media\/3548"}],"wp:attachment":[{"href":"https:\/\/adfformosa.com.ar\/index.php?rest_route=%2Fwp%2Fv2%2Fmedia&parent=3547"}],"wp:term":[{"taxonomy":"category","embeddable":true,"href":"https:\/\/adfformosa.com.ar\/index.php?rest_route=%2Fwp%2Fv2%2Fcategories&post=3547"},{"taxonomy":"post_tag","embeddable":true,"href":"https:\/\/adfformosa.com.ar\/index.php?rest_route=%2Fwp%2Fv2%2Ftags&post=3547"}],"curies":[{"name":"wp","href":"https:\/\/api.w.org\/{rel}","templated":true}]}}