{"id":3507,"date":"2015-06-17T08:32:02","date_gmt":"2015-06-17T11:32:02","guid":{"rendered":"http:\/\/adfformosa.com.ar\/?p=3507"},"modified":"2015-06-17T08:32:02","modified_gmt":"2015-06-17T11:32:02","slug":"liquidan-sueldo-y-aguinaldo-los-dias-29-y-30-de-junio","status":"publish","type":"post","link":"https:\/\/adfformosa.com.ar\/?p=3507","title":{"rendered":"Liquidan sueldo y aguinaldo los d\u00edas 29 y 30 de junio"},"content":{"rendered":"<div id=\"s-share-buttons\" class=\"horizontal-w-c-r-border s-share-w-c\"><a href=\"http:\/\/www.facebook.com\/sharer.php?u=https:\/\/adfformosa.com.ar\/?p=3507\" target=\"_blank\" title=\"Share to Facebook\" class=\"s3-facebook hint--top\"><\/a><a href=\"http:\/\/twitter.com\/intent\/tweet?text=Liquidan sueldo y aguinaldo los d\u00edas 29 y 30 de junio&url=https:\/\/adfformosa.com.ar\/?p=3507\" target=\"_blank\"  title=\"Share to Twitter\" class=\"s3-twitter hint--top\"><\/a><a href=\"https:\/\/plus.google.com\/share?url=https:\/\/adfformosa.com.ar\/?p=3507\" target=\"_blank\"  title=\"Share to Google Plus\" class=\"s3-google-plus hint--top\"><\/a><a href=\"http:\/\/www.digg.com\/submit?url=https:\/\/adfformosa.com.ar\/?p=3507\" target=\"_blank\"  title=\"Share to Digg\" class=\"s3-digg hint--top\"><\/a><a href=\"http:\/\/www.tumblr.com\/share\/link?url=https%3A%2F%2Fadfformosa.com.ar%2F%3Fp%3D3507&name=Liquidan+sueldo+y+aguinaldo+los+d%C3%ADas+29+y+30+de+junio\" target=\"_blank\" title=\"Share to Tumblr\" class=\"s3-tumblr hint--top\"><\/a><a href=\"mailto:?Subject=Liquidan%20sueldo%20y%20aguinaldo%20los%20d\u00edas%2029%20y%2030%20de%20junio&Body=Here%20is%20the%20link%20to%20the%20article:%20https:\/\/adfformosa.com.ar\/?p=3507\" title=\"Email this article\" class=\"s3-email hint--top\"><\/a><\/div><div id=\"attachment_3508\" style=\"width: 310px\" class=\"wp-caption alignleft\"><img loading=\"lazy\" decoding=\"async\" aria-describedby=\"caption-attachment-3508\" class=\"wp-image-3508 size-medium\" src=\"https:\/\/adfformosa.com.ar\/wp-content\/uploads\/2015\/06\/1333056191-300x201.jpg\" alt=\"1333056191\" width=\"300\" height=\"201\" srcset=\"https:\/\/adfformosa.com.ar\/wp-content\/uploads\/2015\/06\/1333056191-300x201.jpg 300w, https:\/\/adfformosa.com.ar\/wp-content\/uploads\/2015\/06\/1333056191.jpg 671w\" sizes=\"auto, (max-width: 300px) 100vw, 300px\" \/><p id=\"caption-attachment-3508\" class=\"wp-caption-text\">Sueldos de mayo se pagar\u00e1n 29 y 30 con aguinaldo- Formosa<\/p><\/div>\n<p style=\"text-align: justify;\">\n<p style=\"text-align: justify;\">Desde el ministerio de Econom\u00eda, Hacienda y Finanzas se inform\u00f3 que los d\u00edas 29 y 30 de junio se liquidar\u00e1 en forma conjunta con los haberes de el mes de mayo el sueldo Anual Complementario -Primer semestre 2015.<\/p>\n<p style=\"text-align: justify;\">El d\u00eda 29 corresponder\u00e1 a los empleados pasivos de la Caja de Previsi\u00f3n Social.<\/p>\n<p style=\"text-align: justify;\">El d\u00eda 30 la totalidad de empleados activos de la provincia.<\/p>\n<p style=\"text-align: justify;\">\n","protected":false},"excerpt":{"rendered":"<p>Desde el ministerio de Econom\u00eda, Hacienda y Finanzas se inform\u00f3 que los d\u00edas 29 y 30 de junio se liquidar\u00e1 en forma conjunta con los haberes de el mes de&#8230; <span class=\"meta-more\"><a href=\"https:\/\/adfformosa.com.ar\/?p=3507\">Leer mas &raquo;<\/a><\/span><\/p>\n","protected":false},"author":3,"featured_media":3508,"comment_status":"open","ping_status":"closed","sticky":false,"template":"","format":"standard","meta":{"footnotes":""},"categories":[2],"tags":[],"class_list":["post-3507","post","type-post","status-publish","format-standard","has-post-thumbnail","hentry","category-prensa-adf","even alt"],"_links":{"self":[{"href":"https:\/\/adfformosa.com.ar\/index.php?rest_route=\/wp\/v2\/posts\/3507","targetHints":{"allow":["GET"]}}],"collection":[{"href":"https:\/\/adfformosa.com.ar\/index.php?rest_route=\/wp\/v2\/posts"}],"about":[{"href":"https:\/\/adfformosa.com.ar\/index.php?rest_route=\/wp\/v2\/types\/post"}],"author":[{"embeddable":true,"href":"https:\/\/adfformosa.com.ar\/index.php?rest_route=\/wp\/v2\/users\/3"}],"replies":[{"embeddable":true,"href":"https:\/\/adfformosa.com.ar\/index.php?rest_route=%2Fwp%2Fv2%2Fcomments&post=3507"}],"version-history":[{"count":1,"href":"https:\/\/adfformosa.com.ar\/index.php?rest_route=\/wp\/v2\/posts\/3507\/revisions"}],"predecessor-version":[{"id":3509,"href":"https:\/\/adfformosa.com.ar\/index.php?rest_route=\/wp\/v2\/posts\/3507\/revisions\/3509"}],"wp:featuredmedia":[{"embeddable":true,"href":"https:\/\/adfformosa.com.ar\/index.php?rest_route=\/wp\/v2\/media\/3508"}],"wp:attachment":[{"href":"https:\/\/adfformosa.com.ar\/index.php?rest_route=%2Fwp%2Fv2%2Fmedia&parent=3507"}],"wp:term":[{"taxonomy":"category","embeddable":true,"href":"https:\/\/adfformosa.com.ar\/index.php?rest_route=%2Fwp%2Fv2%2Fcategories&post=3507"},{"taxonomy":"post_tag","embeddable":true,"href":"https:\/\/adfformosa.com.ar\/index.php?rest_route=%2Fwp%2Fv2%2Ftags&post=3507"}],"curies":[{"name":"wp","href":"https:\/\/api.w.org\/{rel}","templated":true}]}}