{"id":3503,"date":"2015-06-11T08:21:57","date_gmt":"2015-06-11T11:21:57","guid":{"rendered":"http:\/\/adfformosa.com.ar\/?p=3503"},"modified":"2015-06-17T10:07:30","modified_gmt":"2015-06-17T13:07:30","slug":"presentaron-el-libro-malvinasdescolonizacionpaz-y-soberania-editado-por-ctera","status":"publish","type":"post","link":"https:\/\/adfformosa.com.ar\/?p=3503","title":{"rendered":"Presentaron el libro \u00abMalvinas: Descolonizaci\u00f3n, Paz y Soberan\u00eda\u00bb editado por CTERA"},"content":{"rendered":"<div id=\"s-share-buttons\" class=\"horizontal-w-c-r-border s-share-w-c\"><a href=\"http:\/\/www.facebook.com\/sharer.php?u=https:\/\/adfformosa.com.ar\/?p=3503\" target=\"_blank\" title=\"Share to Facebook\" class=\"s3-facebook hint--top\"><\/a><a href=\"http:\/\/twitter.com\/intent\/tweet?text=Presentaron el libro \u00abMalvinas: Descolonizaci\u00f3n, Paz y Soberan\u00eda\u00bb editado por CTERA&url=https:\/\/adfformosa.com.ar\/?p=3503\" target=\"_blank\"  title=\"Share to Twitter\" class=\"s3-twitter hint--top\"><\/a><a href=\"https:\/\/plus.google.com\/share?url=https:\/\/adfformosa.com.ar\/?p=3503\" target=\"_blank\"  title=\"Share to Google Plus\" class=\"s3-google-plus hint--top\"><\/a><a href=\"http:\/\/www.digg.com\/submit?url=https:\/\/adfformosa.com.ar\/?p=3503\" target=\"_blank\"  title=\"Share to Digg\" class=\"s3-digg hint--top\"><\/a><a href=\"http:\/\/www.tumblr.com\/share\/link?url=https%3A%2F%2Fadfformosa.com.ar%2F%3Fp%3D3503&name=Presentaron+el+libro+%C2%ABMalvinas%3A+Descolonizaci%C3%B3n%2C+Paz+y+Soberan%C3%ADa%C2%BB+editado+por+CTERA\" target=\"_blank\" title=\"Share to Tumblr\" class=\"s3-tumblr hint--top\"><\/a><a href=\"mailto:?Subject=Presentaron%20el%20libro%20\u00abMalvinas:%20Descolonizaci\u00f3n,%20Paz%20y%20Soberan\u00eda\u00bb%20editado%20por%20CTERA&Body=Here%20is%20the%20link%20to%20the%20article:%20https:\/\/adfformosa.com.ar\/?p=3503\" title=\"Email this article\" class=\"s3-email hint--top\"><\/a><\/div><p style=\"text-align: justify;\"><img loading=\"lazy\" decoding=\"async\" class=\" wp-image-3504 size-full alignleft\" src=\"https:\/\/adfformosa.com.ar\/wp-content\/uploads\/2015\/06\/11427673_1615021858739748_2605873704057696804_n-e1434540259407.jpg\" alt=\"11427673_1615021858739748_2605873704057696804_n\" width=\"400\" height=\"267\" \/>CTERA: \u00abMALVINAS. DESCOLONIZACI\u00d3N, PAZ Y SOBERAN\u00cdA\u00bb.<\/p>\n<p style=\"text-align: justify;\">Con la presencia de Sonia Alesso &#8211; Secretaria General de AMSAFE y CTERA &#8211; y Rogelio De Leonardi &#8211; Sec. de Derechos Humanos de CTERA &#8211; Se llev\u00f3 a cabo el mi\u00e9rcoles 10 de junio en el auditorio de AMSAFE Provincial, la presentaci\u00f3n del libro\u00bbMalvinas. Descolonizaci\u00f3n, Paz y Soberan\u00eda\u00bb, editado por CTERA y escrita junto al MOPASSOL.<\/p>\n<p style=\"text-align: justify;\">Adem\u00e1s participaron del panel a Jos\u00e9 Testoni -Sec. General de la CTA Santa Fe- , y los Cros. <span class=\"text_exposed_show\">Claudio Ciani y Juan Pablo Bustamente &#8211; Sec. de Derechos Humanos de la AMSAFE -.<\/span><\/p>\n<p style=\"text-align: justify;\">Prensa CTERA.<\/p>\n<div class=\"text_exposed_show\">\n<p style=\"text-align: justify;\">\n<\/div>\n","protected":false},"excerpt":{"rendered":"<p>CTERA: \u00abMALVINAS. DESCOLONIZACI\u00d3N, PAZ Y SOBERAN\u00cdA\u00bb. Con la presencia de Sonia Alesso &#8211; Secretaria General de AMSAFE y CTERA &#8211; y Rogelio De Leonardi &#8211; Sec. de Derechos Humanos de&#8230; <span class=\"meta-more\"><a href=\"https:\/\/adfformosa.com.ar\/?p=3503\">Leer mas &raquo;<\/a><\/span><\/p>\n","protected":false},"author":3,"featured_media":3504,"comment_status":"open","ping_status":"closed","sticky":false,"template":"","format":"standard","meta":{"footnotes":""},"categories":[2],"tags":[],"class_list":["post-3503","post","type-post","status-publish","format-standard","has-post-thumbnail","hentry","category-prensa-adf","even alt"],"_links":{"self":[{"href":"https:\/\/adfformosa.com.ar\/index.php?rest_route=\/wp\/v2\/posts\/3503","targetHints":{"allow":["GET"]}}],"collection":[{"href":"https:\/\/adfformosa.com.ar\/index.php?rest_route=\/wp\/v2\/posts"}],"about":[{"href":"https:\/\/adfformosa.com.ar\/index.php?rest_route=\/wp\/v2\/types\/post"}],"author":[{"embeddable":true,"href":"https:\/\/adfformosa.com.ar\/index.php?rest_route=\/wp\/v2\/users\/3"}],"replies":[{"embeddable":true,"href":"https:\/\/adfformosa.com.ar\/index.php?rest_route=%2Fwp%2Fv2%2Fcomments&post=3503"}],"version-history":[{"count":2,"href":"https:\/\/adfformosa.com.ar\/index.php?rest_route=\/wp\/v2\/posts\/3503\/revisions"}],"predecessor-version":[{"id":3514,"href":"https:\/\/adfformosa.com.ar\/index.php?rest_route=\/wp\/v2\/posts\/3503\/revisions\/3514"}],"wp:featuredmedia":[{"embeddable":true,"href":"https:\/\/adfformosa.com.ar\/index.php?rest_route=\/wp\/v2\/media\/3504"}],"wp:attachment":[{"href":"https:\/\/adfformosa.com.ar\/index.php?rest_route=%2Fwp%2Fv2%2Fmedia&parent=3503"}],"wp:term":[{"taxonomy":"category","embeddable":true,"href":"https:\/\/adfformosa.com.ar\/index.php?rest_route=%2Fwp%2Fv2%2Fcategories&post=3503"},{"taxonomy":"post_tag","embeddable":true,"href":"https:\/\/adfformosa.com.ar\/index.php?rest_route=%2Fwp%2Fv2%2Ftags&post=3503"}],"curies":[{"name":"wp","href":"https:\/\/api.w.org\/{rel}","templated":true}]}}