{"id":3500,"date":"2015-06-14T08:18:21","date_gmt":"2015-06-14T11:18:21","guid":{"rendered":"http:\/\/adfformosa.com.ar\/?p=3500"},"modified":"2015-06-17T10:06:17","modified_gmt":"2015-06-17T13:06:17","slug":"se-reunio-el-consejo-asesor-de-la-comunicacion-audiovisual-y-la-infancia-en-ctera","status":"publish","type":"post","link":"https:\/\/adfformosa.com.ar\/?p=3500","title":{"rendered":"Se reuni\u00f3 el Consejo Asesor de la Comunicaci\u00f3n Audiovisual y la infancia en CTERA"},"content":{"rendered":"<div id=\"s-share-buttons\" class=\"horizontal-w-c-r-border s-share-w-c\"><a href=\"http:\/\/www.facebook.com\/sharer.php?u=https:\/\/adfformosa.com.ar\/?p=3500\" target=\"_blank\" title=\"Share to Facebook\" class=\"s3-facebook hint--top\"><\/a><a href=\"http:\/\/twitter.com\/intent\/tweet?text=Se reuni\u00f3 el Consejo Asesor de la Comunicaci\u00f3n Audiovisual y la infancia en CTERA&url=https:\/\/adfformosa.com.ar\/?p=3500\" target=\"_blank\"  title=\"Share to Twitter\" class=\"s3-twitter hint--top\"><\/a><a href=\"https:\/\/plus.google.com\/share?url=https:\/\/adfformosa.com.ar\/?p=3500\" target=\"_blank\"  title=\"Share to Google Plus\" class=\"s3-google-plus hint--top\"><\/a><a href=\"http:\/\/www.digg.com\/submit?url=https:\/\/adfformosa.com.ar\/?p=3500\" target=\"_blank\"  title=\"Share to Digg\" class=\"s3-digg hint--top\"><\/a><a href=\"http:\/\/www.tumblr.com\/share\/link?url=https%3A%2F%2Fadfformosa.com.ar%2F%3Fp%3D3500&name=Se+reuni%C3%B3+el+Consejo+Asesor+de+la+Comunicaci%C3%B3n+Audiovisual+y+la+infancia+en+CTERA\" target=\"_blank\" title=\"Share to Tumblr\" class=\"s3-tumblr hint--top\"><\/a><a href=\"mailto:?Subject=Se%20reuni\u00f3%20el%20Consejo%20Asesor%20de%20la%20Comunicaci\u00f3n%20Audiovisual%20y%20la%20infancia%20en%20CTERA&Body=Here%20is%20the%20link%20to%20the%20article:%20https:\/\/adfformosa.com.ar\/?p=3500\" title=\"Email this article\" class=\"s3-email hint--top\"><\/a><\/div><p style=\"text-align: justify;\"><img loading=\"lazy\" decoding=\"async\" class=\" wp-image-3501  alignleft\" src=\"https:\/\/adfformosa.com.ar\/wp-content\/uploads\/2015\/06\/11217534_1617482358493698_8327800992958275048_n-e1434540036673.jpg\" alt=\"11217534_1617482358493698_8327800992958275048_n\" width=\"366\" height=\"244\" \/><strong><em>El viernes 12 se reuni\u00f3 en CTERA el Consejo Asesor de la Comunicaci\u00f3n y la In<span class=\"text_exposed_show\">fancia ,CONACAI .<\/span><\/em><\/strong><\/p>\n<p style=\"text-align: justify;\"><span class=\"text_exposed_show\">El CONACAI fue conformado a partir del art\u00edculo 17 de la Ley 26522 de Servicios de Comunicaci\u00f3n Audiovisual cuyo organismo de aplicaci\u00f3n es la AFSCA.<\/span><\/p>\n<p style=\"text-align: justify;\"><span class=\"text_exposed_show\">Su composici\u00f3n es multidisciplinaria, pluralista y federal, est\u00e1 integrado por: el Estado Nacional, a trav\u00e9s del Ministerio de Educaci\u00f3n, Ministerio de Desarrollo Social y Foro Parlamentario por la Infancia, dependiente del Poder Legislativo; gobiernos provinciales; organizaciones sociales; gremios vinculados al sector educativo.<\/span><span class=\"text_exposed_show\"><br \/>\nParticiparon como Consejeros por CTERA Alejo Demichelis \u2013 Secretario de Prensa \u2013 y Elisa Semino \u2013 Sec. de Prensa de SUTEBA -.<\/span><\/p>\n<p style=\"text-align: justify;\"><span class=\"text_exposed_show\">El objetivo de la CONACAI Su principal objetivo es la elaboraci\u00f3n de propuestas para mejorar la calidad de la programaci\u00f3n de la radio y la televisi\u00f3n de nuestro pa\u00eds dirigida a ni\u00f1as, ni\u00f1os y adolescentes. Para ello el CONACAI trabaja estableciendo criterios cualitativos sobre contenidos recomendados y se\u00f1alando aquellos que pudieran resultar inconvenientes para esta audiencia.<\/span><\/p>\n<p style=\"text-align: justify;\"><span class=\"text_exposed_show\">Con gran participaci\u00f3n de representantes de las provincias y organizaciones sindicales docentes se desarroll\u00f3 la XIX Plenaria del CONACAI.<\/span><\/p>\n<p style=\"text-align: justify;\"><span class=\"text_exposed_show\">Al comienzo del encuentro hizo un saludo Roberto Baradel \u2013 Sec. Gral. de SUTEBA y conducci\u00f3n de CTERA \u2013 dando la bienvenido a los consejeros y recordando la importancia que Stella Maldonado le daba al tema de ni\u00f1ez y medios de comunicaci\u00f3n.<\/span><\/p>\n<p style=\"text-align: justify;\"><span class=\"text_exposed_show\">La Plenaria estuvo encabezada por Alicia Ramos &#8211; Directora de Investigaci\u00f3n y Producci\u00f3n de la AFSCA &#8211; y Mariano Tilli &#8211; Subdirector de Asuntos Regulatorios -.<\/span><\/p>\n<p style=\"text-align: justify;\"><span class=\"text_exposed_show\">En la Plenaria se hizo un pormenorizado accionar sobre el caso Leonela y todo lo que el Consejo y AFSCA hicieron ante la forma en que los medios tomaron este caso.<\/span><\/p>\n<p style=\"text-align: justify;\"><span class=\"text_exposed_show\">Despu\u00e9s hizo su intervenci\u00f3n la Dra. Paula Felman, letrada de AFSCA, que hizo un recorrido sobre las acciones legales que realiza el organismo ante la vulneraci\u00f3n de derechos de las ni\u00f1as, ni\u00f1os y adolescentes que hacen los medios de comunicaci\u00f3n.<\/span><\/p>\n<p style=\"text-align: justify;\"><span class=\"text_exposed_show\">Adem\u00e1s se se\u00f1alaron las acciones administrativas y legales ante la falta de cumplimiento de los canales de aire de trasmitir 3 horas diarias de la programaci\u00f3n con contenidos espec\u00edficos a la ni\u00f1ez.<\/span><\/p>\n<p style=\"text-align: justify;\"><span class=\"text_exposed_show\">El 60 % de los 49 canales de aire de argentina no cumple con las 3 horas diarias de programaci\u00f3n infantil, seg\u00fan la Direcci\u00f3n de Fiscalizaci\u00f3n y Evaluaci\u00f3n de la AFSCA.<\/span><\/p>\n<p style=\"text-align: justify;\"><span class=\"text_exposed_show\">Se inform\u00f3 tambi\u00e9n de los 14 encuentros provinciales que realiz\u00f3 el CONACAI en el a\u00f1o 2014 y c\u00f3mo continuar con estos encuentros en el 2015 con la participaci\u00f3n tambi\u00e9n de la Defensor\u00eda del P\u00fablico y la SENAF \u2013 Secretar\u00eda de Ni\u00f1ez, Adolescencia y Familia -.<\/span><\/p>\n<p style=\"text-align: justify;\"><span class=\"text_exposed_show\">Adem\u00e1s se resaltaron la Campa\u00f1a \u201cQueremos que los medios nos cuiden\u201d y los protocolos para \u201cBuenas pr\u00e1cticas para noticieros\u201d y la \u201cGu\u00eda de Ficci\u00f3n\u201d realizadas por el CONACAI.<\/span><\/p>\n<p style=\"text-align: justify;\"><span class=\"text_exposed_show\">La CTERA, a trav\u00e9s de sus consejeros, propuso realizar una campa\u00f1a de visualizaci\u00f3n del CONACAI y una actividad centralizada antes de fin de a\u00f1o para involucrar a diferentes actores culturales, sociales, pol\u00edticos en la defensa de una comunicaci\u00f3n que respete a nuestras ni\u00f1as, ni\u00f1os y adolescentes.<\/span><\/p>\n<p style=\"text-align: justify;\"><span class=\"text_exposed_show\">Tambi\u00e9n expusieron en la Plenaria Paula Castelo de la Defensor\u00eda del P\u00fablico qui\u00e9n inform\u00f3 de las 7 audiencias p\u00fablicas que se realizaron en el 2014 con la capacitaci\u00f3n de 4000 chicos y la participaci\u00f3n de 1700.<\/span><\/p>\n<p style=\"text-align: justify;\"><span class=\"text_exposed_show\">La Defensor\u00eda del P\u00fablico declar\u00f3 este a\u00f1o \u201cPor la inclusi\u00f3n de ni\u00f1os y adolescentes en los medios audiovisuales\u201d.<br \/>\nAdem\u00e1s la Defensor\u00eda inform\u00f3 del monitoreo que realiz\u00f3 en el 2014. Sobre 14.500 noticias s\u00f3lo en 0,7 % se refiere a ni\u00f1os y de ese 0,7 % las dos terceras partes abordaron a la ni\u00f1ez con el tema de inseguridad.<\/span><\/p>\n<p style=\"text-align: justify;\"><span class=\"text_exposed_show\">La Defensor\u00eda y el CONACIA se est\u00e1n dando un trabajo de capacitaci\u00f3n con periodistas y estudiantes de comunicaci\u00f3n para abordar las noticias y los contenidos sobre ni\u00f1ez. A este trabajo se sumar\u00e1 en el 2015 el SENAF.<\/span><\/p>\n<p style=\"text-align: justify;\"><span class=\"text_exposed_show\">A continuaci\u00f3n expuso la periodista Graciela Stuchlik de TELAM quien resalt\u00f3 la importancia del trabajo que viene realizando el CONACAI y c\u00f3mo profundizarlo en los medios gr\u00e1ficos.<\/span><\/p>\n<p style=\"text-align: justify;\">PRENSA CTERA<\/p>\n","protected":false},"excerpt":{"rendered":"<p>El viernes 12 se reuni\u00f3 en CTERA el Consejo Asesor de la Comunicaci\u00f3n y la Infancia ,CONACAI . El CONACAI fue conformado a partir del art\u00edculo 17 de la Ley&#8230; <span class=\"meta-more\"><a href=\"https:\/\/adfformosa.com.ar\/?p=3500\">Leer mas &raquo;<\/a><\/span><\/p>\n","protected":false},"author":3,"featured_media":3501,"comment_status":"open","ping_status":"closed","sticky":false,"template":"","format":"standard","meta":{"footnotes":""},"categories":[2],"tags":[],"class_list":["post-3500","post","type-post","status-publish","format-standard","has-post-thumbnail","hentry","category-prensa-adf","even alt"],"_links":{"self":[{"href":"https:\/\/adfformosa.com.ar\/index.php?rest_route=\/wp\/v2\/posts\/3500","targetHints":{"allow":["GET"]}}],"collection":[{"href":"https:\/\/adfformosa.com.ar\/index.php?rest_route=\/wp\/v2\/posts"}],"about":[{"href":"https:\/\/adfformosa.com.ar\/index.php?rest_route=\/wp\/v2\/types\/post"}],"author":[{"embeddable":true,"href":"https:\/\/adfformosa.com.ar\/index.php?rest_route=\/wp\/v2\/users\/3"}],"replies":[{"embeddable":true,"href":"https:\/\/adfformosa.com.ar\/index.php?rest_route=%2Fwp%2Fv2%2Fcomments&post=3500"}],"version-history":[{"count":3,"href":"https:\/\/adfformosa.com.ar\/index.php?rest_route=\/wp\/v2\/posts\/3500\/revisions"}],"predecessor-version":[{"id":3512,"href":"https:\/\/adfformosa.com.ar\/index.php?rest_route=\/wp\/v2\/posts\/3500\/revisions\/3512"}],"wp:featuredmedia":[{"embeddable":true,"href":"https:\/\/adfformosa.com.ar\/index.php?rest_route=\/wp\/v2\/media\/3501"}],"wp:attachment":[{"href":"https:\/\/adfformosa.com.ar\/index.php?rest_route=%2Fwp%2Fv2%2Fmedia&parent=3500"}],"wp:term":[{"taxonomy":"category","embeddable":true,"href":"https:\/\/adfformosa.com.ar\/index.php?rest_route=%2Fwp%2Fv2%2Fcategories&post=3500"},{"taxonomy":"post_tag","embeddable":true,"href":"https:\/\/adfformosa.com.ar\/index.php?rest_route=%2Fwp%2Fv2%2Ftags&post=3500"}],"curies":[{"name":"wp","href":"https:\/\/api.w.org\/{rel}","templated":true}]}}