{"id":3491,"date":"2015-06-14T08:07:45","date_gmt":"2015-06-14T11:07:45","guid":{"rendered":"http:\/\/adfformosa.com.ar\/?p=3491"},"modified":"2015-06-17T10:08:09","modified_gmt":"2015-06-17T13:08:09","slug":"equipo-de-capacitadores-se-reunio-con-docentes-de-belgranoel-espinillo-y-guemes","status":"publish","type":"post","link":"https:\/\/adfformosa.com.ar\/?p=3491","title":{"rendered":"Equipo de capacitadores se reuni\u00f3 con docentes de Belgrano, El Espinillo y G\u00fcemes"},"content":{"rendered":"<div id=\"s-share-buttons\" class=\"horizontal-w-c-r-border s-share-w-c\"><a href=\"http:\/\/www.facebook.com\/sharer.php?u=https:\/\/adfformosa.com.ar\/?p=3491\" target=\"_blank\" title=\"Share to Facebook\" class=\"s3-facebook hint--top\"><\/a><a href=\"http:\/\/twitter.com\/intent\/tweet?text=Equipo de capacitadores se reuni\u00f3 con docentes de Belgrano, El Espinillo y G\u00fcemes&url=https:\/\/adfformosa.com.ar\/?p=3491\" target=\"_blank\"  title=\"Share to Twitter\" class=\"s3-twitter hint--top\"><\/a><a href=\"https:\/\/plus.google.com\/share?url=https:\/\/adfformosa.com.ar\/?p=3491\" target=\"_blank\"  title=\"Share to Google Plus\" class=\"s3-google-plus hint--top\"><\/a><a href=\"http:\/\/www.digg.com\/submit?url=https:\/\/adfformosa.com.ar\/?p=3491\" target=\"_blank\"  title=\"Share to Digg\" class=\"s3-digg hint--top\"><\/a><a href=\"http:\/\/www.tumblr.com\/share\/link?url=https%3A%2F%2Fadfformosa.com.ar%2F%3Fp%3D3491&name=Equipo+de+capacitadores+se+reuni%C3%B3+con+docentes+de+Belgrano%2C+El+Espinillo+y+G%C3%BCemes\" target=\"_blank\" title=\"Share to Tumblr\" class=\"s3-tumblr hint--top\"><\/a><a href=\"mailto:?Subject=Equipo%20de%20capacitadores%20se%20reuni\u00f3%20con%20docentes%20de%20Belgrano,%20El%20Espinillo%20y%20G\u00fcemes&Body=Here%20is%20the%20link%20to%20the%20article:%20https:\/\/adfformosa.com.ar\/?p=3491\" title=\"Email this article\" class=\"s3-email hint--top\"><\/a><\/div><p style=\"text-align: justify;\">Continuando con la agenda de trabajo llevadas adelante por el equipo de capacitadores de la Agremiaci\u00f3n del Docente Formose\u00f1o, los d\u00edas 12 y 13 de junio \u00a0estuvieron visitando las localidades de General Manuel Belgrano, El Espinillo y G\u00fcemes.<\/p>\n<p style=\"text-align: justify;\">Con la organizaci\u00f3n a cargo de los coordinadores gremiales de las localidades mencionadas los docentes afiliados recibieron dos d\u00edas de asistencia en servicio.<\/p>\n<p style=\"text-align: justify;\">La Agremiaci\u00f3n realiza estos encuentros abarcando el aspecto legislativo y pedag\u00f3gico con el objetivo de que el afiliado afronte los concursos de ascensos de jerarqu\u00eda .<\/p>\n<p><strong>Galer\u00eda de Fotos<\/strong><\/p>\n<p><img loading=\"lazy\" decoding=\"async\" class=\"aligncenter wp-image-3494 size-full\" src=\"https:\/\/adfformosa.com.ar\/wp-content\/uploads\/2015\/06\/10494733_893632327360984_6742244004742009407_n-e1434539682678.jpg\" alt=\"10494733_893632327360984_6742244004742009407_n\" width=\"400\" height=\"240\" \/><\/p>\n<p><img loading=\"lazy\" decoding=\"async\" class=\" wp-image-3493 size-full aligncenter\" src=\"https:\/\/adfformosa.com.ar\/wp-content\/uploads\/2015\/06\/10390889_893631117361105_2913972015020402816_n-e1434539640923.jpg\" alt=\"10390889_893631117361105_2913972015020402816_n\" width=\"400\" height=\"240\" \/><\/p>\n<p style=\"text-align: justify;\"><img loading=\"lazy\" decoding=\"async\" class=\" wp-image-3492 size-full aligncenter\" src=\"https:\/\/adfformosa.com.ar\/wp-content\/uploads\/2015\/06\/1982308_894019830655567_2454518636367575044_n-e1434539596450.jpg\" alt=\"1982308_894019830655567_2454518636367575044_n\" width=\"400\" height=\"240\" \/><\/p>\n","protected":false},"excerpt":{"rendered":"<p>Continuando con la agenda de trabajo llevadas adelante por el equipo de capacitadores de la Agremiaci\u00f3n del Docente Formose\u00f1o, los d\u00edas 12 y 13 de junio \u00a0estuvieron visitando las localidades&#8230; <span class=\"meta-more\"><a href=\"https:\/\/adfformosa.com.ar\/?p=3491\">Leer mas &raquo;<\/a><\/span><\/p>\n","protected":false},"author":3,"featured_media":3492,"comment_status":"open","ping_status":"closed","sticky":false,"template":"","format":"standard","meta":{"footnotes":""},"categories":[2],"tags":[],"class_list":["post-3491","post","type-post","status-publish","format-standard","has-post-thumbnail","hentry","category-prensa-adf","even alt"],"_links":{"self":[{"href":"https:\/\/adfformosa.com.ar\/index.php?rest_route=\/wp\/v2\/posts\/3491","targetHints":{"allow":["GET"]}}],"collection":[{"href":"https:\/\/adfformosa.com.ar\/index.php?rest_route=\/wp\/v2\/posts"}],"about":[{"href":"https:\/\/adfformosa.com.ar\/index.php?rest_route=\/wp\/v2\/types\/post"}],"author":[{"embeddable":true,"href":"https:\/\/adfformosa.com.ar\/index.php?rest_route=\/wp\/v2\/users\/3"}],"replies":[{"embeddable":true,"href":"https:\/\/adfformosa.com.ar\/index.php?rest_route=%2Fwp%2Fv2%2Fcomments&post=3491"}],"version-history":[{"count":7,"href":"https:\/\/adfformosa.com.ar\/index.php?rest_route=\/wp\/v2\/posts\/3491\/revisions"}],"predecessor-version":[{"id":3516,"href":"https:\/\/adfformosa.com.ar\/index.php?rest_route=\/wp\/v2\/posts\/3491\/revisions\/3516"}],"wp:featuredmedia":[{"embeddable":true,"href":"https:\/\/adfformosa.com.ar\/index.php?rest_route=\/wp\/v2\/media\/3492"}],"wp:attachment":[{"href":"https:\/\/adfformosa.com.ar\/index.php?rest_route=%2Fwp%2Fv2%2Fmedia&parent=3491"}],"wp:term":[{"taxonomy":"category","embeddable":true,"href":"https:\/\/adfformosa.com.ar\/index.php?rest_route=%2Fwp%2Fv2%2Fcategories&post=3491"},{"taxonomy":"post_tag","embeddable":true,"href":"https:\/\/adfformosa.com.ar\/index.php?rest_route=%2Fwp%2Fv2%2Ftags&post=3491"}],"curies":[{"name":"wp","href":"https:\/\/api.w.org\/{rel}","templated":true}]}}