{"id":3468,"date":"2015-06-03T19:57:24","date_gmt":"2015-06-03T22:57:24","guid":{"rendered":"http:\/\/adfformosa.com.ar\/?p=3468"},"modified":"2015-06-05T12:26:41","modified_gmt":"2015-06-05T15:26:41","slug":"niunamenos-en-formosa","status":"publish","type":"post","link":"https:\/\/adfformosa.com.ar\/?p=3468","title":{"rendered":"#NiUnaMenos en Formosa"},"content":{"rendered":"<div id=\"s-share-buttons\" class=\"horizontal-w-c-r-border s-share-w-c\"><a href=\"http:\/\/www.facebook.com\/sharer.php?u=https:\/\/adfformosa.com.ar\/?p=3468\" target=\"_blank\" title=\"Share to Facebook\" class=\"s3-facebook hint--top\"><\/a><a href=\"http:\/\/twitter.com\/intent\/tweet?text=#NiUnaMenos en Formosa&url=https:\/\/adfformosa.com.ar\/?p=3468\" target=\"_blank\"  title=\"Share to Twitter\" class=\"s3-twitter hint--top\"><\/a><a href=\"https:\/\/plus.google.com\/share?url=https:\/\/adfformosa.com.ar\/?p=3468\" target=\"_blank\"  title=\"Share to Google Plus\" class=\"s3-google-plus hint--top\"><\/a><a href=\"http:\/\/www.digg.com\/submit?url=https:\/\/adfformosa.com.ar\/?p=3468\" target=\"_blank\"  title=\"Share to Digg\" class=\"s3-digg hint--top\"><\/a><a href=\"http:\/\/www.tumblr.com\/share\/link?url=https%3A%2F%2Fadfformosa.com.ar%2F%3Fp%3D3468&name=%23NiUnaMenos+en+Formosa\" target=\"_blank\" title=\"Share to Tumblr\" class=\"s3-tumblr hint--top\"><\/a><a href=\"mailto:?Subject=#NiUnaMenos%20en%20Formosa&Body=Here%20is%20the%20link%20to%20the%20article:%20https:\/\/adfformosa.com.ar\/?p=3468\" title=\"Email this article\" class=\"s3-email hint--top\"><\/a><\/div><h3 style=\"text-align: center;\">La Agremiaci\u00f3n del Docente Formose\u00f1o particip\u00f3 de la multitudinaria marcha realizada en esta capital.<\/h3>\n<div id=\"attachment_3470\" style=\"width: 610px\" class=\"wp-caption aligncenter\"><img loading=\"lazy\" decoding=\"async\" aria-describedby=\"caption-attachment-3470\" class=\"wp-image-3470 size-full\" src=\"https:\/\/adfformosa.com.ar\/wp-content\/uploads\/2015\/06\/11133798_1671385549757432_4493854316620404080_n-e1433469688471.jpg\" alt=\"11133798_1671385549757432_4493854316620404080_n\" width=\"600\" height=\"399\" \/><p id=\"caption-attachment-3470\" class=\"wp-caption-text\">#NiUnaMenos #Formosa Agremiaci\u00f3n del Docente Formose\u00f1o<\/p><\/div>\n<p style=\"text-align: justify;\">Con la consigna <a class=\"_58cn\" href=\"https:\/\/www.facebook.com\/hashtag\/niunamenos?source=feed_text&amp;story_id=1613005932274674\" data-ft=\"{&quot;tn&quot;:&quot;*N&quot;,&quot;type&quot;:104}\"><span class=\"_58cl\">\u202a#\u200e<\/span><span class=\"_58cm\">NiUnaMenos\u202c<\/span><\/a>, cientos de personas se manifestaron para reclamar contra los feminicidios y la violencia hacia las mujeres.<\/p>\n<p style=\"text-align: justify;\">Organizaciones sociales, funcionarios, legisladores, gremialistas, j\u00f3venes, abuelos y ni\u00f1os se sumaron a la iniciativa, que tuvo en el m\u00e1stil municipal el punto de concentraci\u00f3n.<\/p>\n<div id=\"attachment_3471\" style=\"width: 610px\" class=\"wp-caption aligncenter\"><img loading=\"lazy\" decoding=\"async\" aria-describedby=\"caption-attachment-3471\" class=\"wp-image-3471 size-full\" src=\"https:\/\/adfformosa.com.ar\/wp-content\/uploads\/2015\/06\/11350488_1671413636421290_7784902885740131479_n-e1433469752507.jpg\" alt=\"11350488_1671413636421290_7784902885740131479_n\" width=\"600\" height=\"399\" \/><p id=\"caption-attachment-3471\" class=\"wp-caption-text\">#NiUnaMenos #Formosa<\/p><\/div>\n<p style=\"text-align: justify;\">En cada tramo de la movilizaci\u00f3n hacia la Plaza San Mart\u00edn se ped\u00eda por cada uno de los cinco puntos para que se termine la violencia matizado con im\u00e1genes de <span class=\"text_exposed_show\">carteles, pancartas con la consigna instalada en todos \u201cNi una menos\u201d.<\/span><\/p>\n<div id=\"attachment_3472\" style=\"width: 610px\" class=\"wp-caption aligncenter\"><img loading=\"lazy\" decoding=\"async\" aria-describedby=\"caption-attachment-3472\" class=\"wp-image-3472 size-full\" src=\"https:\/\/adfformosa.com.ar\/wp-content\/uploads\/2015\/06\/11063959_1671400916422562_5704631835195989081_n-e1433469820641.jpg\" alt=\"11063959_1671400916422562_5704631835195989081_n\" width=\"600\" height=\"399\" \/><p id=\"caption-attachment-3472\" class=\"wp-caption-text\">#NiUnaMenos #Formosa<\/p><\/div>\n<p style=\"text-align: justify;\"><span class=\"text_exposed_show\"><br \/>\nPara destacar las distintas representaciones del grupo de Teatro Independiente \u201cLa Mandinga\u201d que tuvieron presente los cr\u00edmenes de Paulina, Chiara, Romina y Paola, los casos emblem\u00e1ticos que hicieron reaccionar a toda una sociedad.<\/span><\/p>\n<div id=\"attachment_3473\" style=\"width: 610px\" class=\"wp-caption aligncenter\"><img loading=\"lazy\" decoding=\"async\" aria-describedby=\"caption-attachment-3473\" class=\"wp-image-3473 size-full\" src=\"https:\/\/adfformosa.com.ar\/wp-content\/uploads\/2015\/06\/11407293_1671416436421010_5724000378623112499_n-e1433469945857.jpg\" alt=\"11407293_1671416436421010_5724000378623112499_n\" width=\"600\" height=\"399\" \/><p id=\"caption-attachment-3473\" class=\"wp-caption-text\">#NiUnaMenos #Formosa<\/p><\/div>\n<h3 style=\"text-align: center;\"><b>Puntos<\/b><\/h3>\n<p>Los cinco puntos de la manifestaci\u00f3n fueron:<\/p>\n<div><img loading=\"lazy\" decoding=\"async\" class=\"aligncenter wp-image-3474 size-medium\" src=\"https:\/\/adfformosa.com.ar\/wp-content\/uploads\/2015\/06\/0012749967-300x169.jpg\" alt=\"0012749967\" width=\"300\" height=\"169\" srcset=\"https:\/\/adfformosa.com.ar\/wp-content\/uploads\/2015\/06\/0012749967-300x169.jpg 300w, https:\/\/adfformosa.com.ar\/wp-content\/uploads\/2015\/06\/0012749967.jpg 770w\" sizes=\"auto, (max-width: 300px) 100vw, 300px\" \/><\/div>\n<div><a href=\"https:\/\/adfformosa.com.ar\/wp-content\/uploads\/2015\/06\/0012749976.jpg\"><img loading=\"lazy\" decoding=\"async\" class=\" size-medium wp-image-3475 aligncenter\" src=\"https:\/\/adfformosa.com.ar\/wp-content\/uploads\/2015\/06\/0012749976-300x169.jpg\" alt=\"0012749976\" width=\"300\" height=\"169\" srcset=\"https:\/\/adfformosa.com.ar\/wp-content\/uploads\/2015\/06\/0012749976-300x169.jpg 300w, https:\/\/adfformosa.com.ar\/wp-content\/uploads\/2015\/06\/0012749976.jpg 770w\" sizes=\"auto, (max-width: 300px) 100vw, 300px\" \/><\/a><\/div>\n<div><\/div>\n<div><img loading=\"lazy\" decoding=\"async\" class=\" size-medium wp-image-3476 aligncenter\" src=\"https:\/\/adfformosa.com.ar\/wp-content\/uploads\/2015\/06\/0012749985-300x169.jpg\" alt=\"0012749985\" width=\"300\" height=\"169\" srcset=\"https:\/\/adfformosa.com.ar\/wp-content\/uploads\/2015\/06\/0012749985-300x169.jpg 300w, https:\/\/adfformosa.com.ar\/wp-content\/uploads\/2015\/06\/0012749985.jpg 770w\" sizes=\"auto, (max-width: 300px) 100vw, 300px\" \/><\/div>\n<div><img loading=\"lazy\" decoding=\"async\" class=\" size-medium wp-image-3477 aligncenter\" src=\"https:\/\/adfformosa.com.ar\/wp-content\/uploads\/2015\/06\/0012749993-300x169.jpg\" alt=\"0012749993\" width=\"300\" height=\"169\" srcset=\"https:\/\/adfformosa.com.ar\/wp-content\/uploads\/2015\/06\/0012749993-300x169.jpg 300w, https:\/\/adfformosa.com.ar\/wp-content\/uploads\/2015\/06\/0012749993.jpg 770w\" sizes=\"auto, (max-width: 300px) 100vw, 300px\" \/><\/div>\n<div><img loading=\"lazy\" decoding=\"async\" class=\" size-medium wp-image-3478 aligncenter\" src=\"https:\/\/adfformosa.com.ar\/wp-content\/uploads\/2015\/06\/0012750002-300x169.jpg\" alt=\"0012750002\" width=\"300\" height=\"169\" srcset=\"https:\/\/adfformosa.com.ar\/wp-content\/uploads\/2015\/06\/0012750002-300x169.jpg 300w, https:\/\/adfformosa.com.ar\/wp-content\/uploads\/2015\/06\/0012750002.jpg 770w\" sizes=\"auto, (max-width: 300px) 100vw, 300px\" \/><\/div>\n<div><\/div>\n","protected":false},"excerpt":{"rendered":"<p>La Agremiaci\u00f3n del Docente Formose\u00f1o particip\u00f3 de la multitudinaria marcha realizada en esta capital. Con la consigna \u202a#\u200eNiUnaMenos\u202c, cientos de personas se manifestaron para reclamar contra los feminicidios y la&#8230; <span class=\"meta-more\"><a href=\"https:\/\/adfformosa.com.ar\/?p=3468\">Leer mas &raquo;<\/a><\/span><\/p>\n","protected":false},"author":3,"featured_media":3470,"comment_status":"open","ping_status":"closed","sticky":false,"template":"","format":"standard","meta":{"footnotes":""},"categories":[2],"tags":[],"class_list":["post-3468","post","type-post","status-publish","format-standard","has-post-thumbnail","hentry","category-prensa-adf","even alt"],"_links":{"self":[{"href":"https:\/\/adfformosa.com.ar\/index.php?rest_route=\/wp\/v2\/posts\/3468","targetHints":{"allow":["GET"]}}],"collection":[{"href":"https:\/\/adfformosa.com.ar\/index.php?rest_route=\/wp\/v2\/posts"}],"about":[{"href":"https:\/\/adfformosa.com.ar\/index.php?rest_route=\/wp\/v2\/types\/post"}],"author":[{"embeddable":true,"href":"https:\/\/adfformosa.com.ar\/index.php?rest_route=\/wp\/v2\/users\/3"}],"replies":[{"embeddable":true,"href":"https:\/\/adfformosa.com.ar\/index.php?rest_route=%2Fwp%2Fv2%2Fcomments&post=3468"}],"version-history":[{"count":2,"href":"https:\/\/adfformosa.com.ar\/index.php?rest_route=\/wp\/v2\/posts\/3468\/revisions"}],"predecessor-version":[{"id":3482,"href":"https:\/\/adfformosa.com.ar\/index.php?rest_route=\/wp\/v2\/posts\/3468\/revisions\/3482"}],"wp:featuredmedia":[{"embeddable":true,"href":"https:\/\/adfformosa.com.ar\/index.php?rest_route=\/wp\/v2\/media\/3470"}],"wp:attachment":[{"href":"https:\/\/adfformosa.com.ar\/index.php?rest_route=%2Fwp%2Fv2%2Fmedia&parent=3468"}],"wp:term":[{"taxonomy":"category","embeddable":true,"href":"https:\/\/adfformosa.com.ar\/index.php?rest_route=%2Fwp%2Fv2%2Fcategories&post=3468"},{"taxonomy":"post_tag","embeddable":true,"href":"https:\/\/adfformosa.com.ar\/index.php?rest_route=%2Fwp%2Fv2%2Ftags&post=3468"}],"curies":[{"name":"wp","href":"https:\/\/api.w.org\/{rel}","templated":true}]}}