{"id":3465,"date":"2015-06-03T22:52:22","date_gmt":"2015-06-04T01:52:22","guid":{"rendered":"http:\/\/adfformosa.com.ar\/?p=3465"},"modified":"2015-06-05T12:26:00","modified_gmt":"2015-06-05T15:26:00","slug":"historica-jornada-%e2%80%aa%e2%80%8eniunamenos%e2%80%ac-ctera-participo-de-la-multitudinaria-marcha-al-congreso-de-la-nacion","status":"publish","type":"post","link":"https:\/\/adfformosa.com.ar\/?p=3465","title":{"rendered":"Hist\u00f3rica jornada \u202a#\u200eNiUnaMenos\u202c CTERA particip\u00f3 de la multitudinaria marcha al Congreso de la Naci\u00f3n"},"content":{"rendered":"<div id=\"s-share-buttons\" class=\"horizontal-w-c-r-border s-share-w-c\"><a href=\"http:\/\/www.facebook.com\/sharer.php?u=https:\/\/adfformosa.com.ar\/?p=3465\" target=\"_blank\" title=\"Share to Facebook\" class=\"s3-facebook hint--top\"><\/a><a href=\"http:\/\/twitter.com\/intent\/tweet?text=Hist\u00f3rica jornada \u202a#\u200eNiUnaMenos\u202c CTERA particip\u00f3 de la multitudinaria marcha al Congreso de la Naci\u00f3n&url=https:\/\/adfformosa.com.ar\/?p=3465\" target=\"_blank\"  title=\"Share to Twitter\" class=\"s3-twitter hint--top\"><\/a><a href=\"https:\/\/plus.google.com\/share?url=https:\/\/adfformosa.com.ar\/?p=3465\" target=\"_blank\"  title=\"Share to Google Plus\" class=\"s3-google-plus hint--top\"><\/a><a href=\"http:\/\/www.digg.com\/submit?url=https:\/\/adfformosa.com.ar\/?p=3465\" target=\"_blank\"  title=\"Share to Digg\" class=\"s3-digg hint--top\"><\/a><a href=\"http:\/\/www.tumblr.com\/share\/link?url=https%3A%2F%2Fadfformosa.com.ar%2F%3Fp%3D3465&name=Hist%C3%B3rica+jornada+%E2%80%AA%23%E2%80%8ENiUnaMenos%E2%80%AC+CTERA+particip%C3%B3+de+la+multitudinaria+marcha+al+Congreso+de+la+Naci%C3%B3n\" target=\"_blank\" title=\"Share to Tumblr\" class=\"s3-tumblr hint--top\"><\/a><a href=\"mailto:?Subject=Hist\u00f3rica%20jornada%20\u202a#\u200eNiUnaMenos\u202c%20CTERA%20particip\u00f3%20de%20la%20multitudinaria%20marcha%20al%20Congreso%20de%20la%20Naci\u00f3n&Body=Here%20is%20the%20link%20to%20the%20article:%20https:\/\/adfformosa.com.ar\/?p=3465\" title=\"Email this article\" class=\"s3-email hint--top\"><\/a><\/div><h3 style=\"text-align: center;\">SONIA ALESSO -SECRETARIA GENERAL DE CTERA<\/h3>\n<h3 style=\"text-align: center;\">\u00abLa lucha p<span class=\"text_exposed_show\">or los derechos de las mujeres no empez\u00f3 con la marcha , ni se termina esta noche.\u00bb<\/span><\/h3>\n<div class=\"text_exposed_show\">\n<div id=\"attachment_3466\" style=\"width: 610px\" class=\"wp-caption aligncenter\"><img loading=\"lazy\" decoding=\"async\" aria-describedby=\"caption-attachment-3466\" class=\"wp-image-3466 size-full\" src=\"https:\/\/adfformosa.com.ar\/wp-content\/uploads\/2015\/06\/11391726_1613005675608033_4241744665789384492_n-e1433469249362.jpg\" alt=\"11391726_1613005675608033_4241744665789384492_n\" width=\"600\" height=\"338\" \/><p id=\"caption-attachment-3466\" class=\"wp-caption-text\">#NiUnaMenos CTERA<\/p><\/div>\n<p style=\"text-align: justify;\">En el d\u00eda de la fecha CTERA, junto a la CTA, particip\u00f3 de la multitudinaria marcha que se moviliz\u00f3 hacia el Congreso de la Naci\u00f3n y en todas las plazas del pa\u00eds, para sensibilizar y visibilizar sobre la Violencia hacia las mujeres que conmueve a la sociedad argentina.<\/p>\n<p style=\"text-align: justify;\">La Secretaria General de CTERA, Sonia Alesso, encabez\u00f3 la marcha en la Provincia de Santa Fe.<\/p>\n<p style=\"text-align: justify;\">En la Ciudad de Buenos Aires, La CTA y la CTERA marcharon al Congreso de la Naci\u00f3n. La columna estuvo encabezada por Hugo Yasky &#8211; Secretario General de la CTA Nacional -, miembros de la Junta Ejecutiva de CTERA y miles de docentes que acompa\u00f1aron esta convocatoria en nuestro pa\u00eds.<\/p>\n<p style=\"text-align: justify;\">Decenas de miles de personas se movilizaron por la Ciudad y en todo el pa\u00eds: organizaciones de derechos humanos, sociales, sindicales, estudiantiles, movimientos de mujeres, organizaciones pol\u00edticas y barriales.<\/p>\n<p style=\"text-align: justify;\">Al finalizar esta marcha hist\u00f3rica la Secretaria General de CTERA Sonia Alesso, expres\u00f3:<\/p>\n<p style=\"text-align: justify;\">\u00abLa lucha por los derechos de las mujeres no empez\u00f3 con la marcha , ni se termina esta noche. Es necesario el compromiso activo de toda la sociedad para seguir dando la batalla cultural. Desde cada lugar de trabajo, desde la escuela, la f\u00e1brica o la universidad.<\/p>\n<p style=\"text-align: justify;\">Hoy nos unimos en un reclamo que expresa el dolor por tantos asesinatos de j\u00f3venes, de mujeres, de ni\u00f1as o ni\u00f1os.<br \/>\nEsta convocatoria plural, multisectorial y diversa debe profundizarse para que esta lucha no termine. Gracias a los compa\u00f1eros y compa\u00f1eras de AMSAFE, DE CTERA Y DE CTA, que marcharon en las plazas del pa\u00eds y de la Provincia. Para nosotros , los maestros esta batalla se d\u00e1 tambi\u00e9n en las aulas. All\u00ed nuestro trabajo es fundamental. Vamos por m\u00e1s !\u00bb<\/p>\n<p style=\"text-align: justify;\">CTERA viene trabajando desde hace a\u00f1os en la tem\u00e1tica de g\u00e9nero y sus entidades de base se movilizaron en todas las plazas del pa\u00eds.<\/p>\n<p style=\"text-align: justify;\">Reclamamos por el cumplimiento pleno de la Ley Nacional 26.485\/09 \u00abDe protecci\u00f3n integral para prevenir, sancionar y erradicar la violencia contra las mujeres en los \u00e1mbitos en que desarrollen sus relaciones personales\u00bb, as\u00ed como tambi\u00e9n impulsamos el proyecto por la \u00abLicencia por Violencia de G\u00e9nero\u00bb para todas las Trabajadoras de la Educaci\u00f3n, como forma de garantizar el derecho a la salud al que deben acceder sin restricciones o exclusiones de ning\u00fan tipo y a trav\u00e9s de todo su ciclo de vida.<\/p>\n<p style=\"text-align: justify;\">Para esta jornada nacional la CTERA elabor\u00f3 un cuadernillo para ser trabajado en todas las escuelas del pais.<\/p>\n<p>PRENSA CTERA<\/p>\n<\/div>\n","protected":false},"excerpt":{"rendered":"<p>SONIA ALESSO -SECRETARIA GENERAL DE CTERA \u00abLa lucha por los derechos de las mujeres no empez\u00f3 con la marcha , ni se termina esta noche.\u00bb En el d\u00eda de la&#8230; <span class=\"meta-more\"><a href=\"https:\/\/adfformosa.com.ar\/?p=3465\">Leer mas &raquo;<\/a><\/span><\/p>\n","protected":false},"author":3,"featured_media":3466,"comment_status":"open","ping_status":"closed","sticky":false,"template":"","format":"standard","meta":{"footnotes":""},"categories":[2],"tags":[],"class_list":["post-3465","post","type-post","status-publish","format-standard","has-post-thumbnail","hentry","category-prensa-adf","even alt"],"_links":{"self":[{"href":"https:\/\/adfformosa.com.ar\/index.php?rest_route=\/wp\/v2\/posts\/3465","targetHints":{"allow":["GET"]}}],"collection":[{"href":"https:\/\/adfformosa.com.ar\/index.php?rest_route=\/wp\/v2\/posts"}],"about":[{"href":"https:\/\/adfformosa.com.ar\/index.php?rest_route=\/wp\/v2\/types\/post"}],"author":[{"embeddable":true,"href":"https:\/\/adfformosa.com.ar\/index.php?rest_route=\/wp\/v2\/users\/3"}],"replies":[{"embeddable":true,"href":"https:\/\/adfformosa.com.ar\/index.php?rest_route=%2Fwp%2Fv2%2Fcomments&post=3465"}],"version-history":[{"count":2,"href":"https:\/\/adfformosa.com.ar\/index.php?rest_route=\/wp\/v2\/posts\/3465\/revisions"}],"predecessor-version":[{"id":3481,"href":"https:\/\/adfformosa.com.ar\/index.php?rest_route=\/wp\/v2\/posts\/3465\/revisions\/3481"}],"wp:featuredmedia":[{"embeddable":true,"href":"https:\/\/adfformosa.com.ar\/index.php?rest_route=\/wp\/v2\/media\/3466"}],"wp:attachment":[{"href":"https:\/\/adfformosa.com.ar\/index.php?rest_route=%2Fwp%2Fv2%2Fmedia&parent=3465"}],"wp:term":[{"taxonomy":"category","embeddable":true,"href":"https:\/\/adfformosa.com.ar\/index.php?rest_route=%2Fwp%2Fv2%2Fcategories&post=3465"},{"taxonomy":"post_tag","embeddable":true,"href":"https:\/\/adfformosa.com.ar\/index.php?rest_route=%2Fwp%2Fv2%2Ftags&post=3465"}],"curies":[{"name":"wp","href":"https:\/\/api.w.org\/{rel}","templated":true}]}}