{"id":3437,"date":"2015-05-31T10:18:23","date_gmt":"2015-05-31T13:18:23","guid":{"rendered":"http:\/\/adfformosa.com.ar\/?p=3437"},"modified":"2015-06-02T21:48:36","modified_gmt":"2015-06-03T00:48:36","slug":"adf-en-la-capacitacion-politico-sindical-de-la-ctera","status":"publish","type":"post","link":"https:\/\/adfformosa.com.ar\/?p=3437","title":{"rendered":"ADF en la capacitaci\u00f3n \u00abPol\u00edtico Sindical\u00bb de la CTERA"},"content":{"rendered":"<div id=\"s-share-buttons\" class=\"horizontal-w-c-r-border s-share-w-c\"><a href=\"http:\/\/www.facebook.com\/sharer.php?u=https:\/\/adfformosa.com.ar\/?p=3437\" target=\"_blank\" title=\"Share to Facebook\" class=\"s3-facebook hint--top\"><\/a><a href=\"http:\/\/twitter.com\/intent\/tweet?text=ADF en la capacitaci\u00f3n \u00abPol\u00edtico Sindical\u00bb de la CTERA&url=https:\/\/adfformosa.com.ar\/?p=3437\" target=\"_blank\"  title=\"Share to Twitter\" class=\"s3-twitter hint--top\"><\/a><a href=\"https:\/\/plus.google.com\/share?url=https:\/\/adfformosa.com.ar\/?p=3437\" target=\"_blank\"  title=\"Share to Google Plus\" class=\"s3-google-plus hint--top\"><\/a><a href=\"http:\/\/www.digg.com\/submit?url=https:\/\/adfformosa.com.ar\/?p=3437\" target=\"_blank\"  title=\"Share to Digg\" class=\"s3-digg hint--top\"><\/a><a href=\"http:\/\/www.tumblr.com\/share\/link?url=https%3A%2F%2Fadfformosa.com.ar%2F%3Fp%3D3437&name=ADF+en+la+capacitaci%C3%B3n+%C2%ABPol%C3%ADtico+Sindical%C2%BB+de+la+CTERA\" target=\"_blank\" title=\"Share to Tumblr\" class=\"s3-tumblr hint--top\"><\/a><a href=\"mailto:?Subject=ADF%20en%20la%20capacitaci\u00f3n%20\u00abPol\u00edtico%20Sindical\u00bb%20de%20la%20CTERA&Body=Here%20is%20the%20link%20to%20the%20article:%20https:\/\/adfformosa.com.ar\/?p=3437\" title=\"Email this article\" class=\"s3-email hint--top\"><\/a><\/div><div id=\"attachment_3438\" style=\"width: 510px\" class=\"wp-caption aligncenter\"><img loading=\"lazy\" decoding=\"async\" aria-describedby=\"caption-attachment-3438\" class=\"wp-image-3438 size-full\" src=\"https:\/\/adfformosa.com.ar\/wp-content\/uploads\/2015\/05\/11377080_1611217342453533_5132959907400331899_n-e1433078092675.jpg\" alt=\"11377080_1611217342453533_5132959907400331899_n\" width=\"500\" height=\"375\" \/><p id=\"caption-attachment-3438\" class=\"wp-caption-text\">Formaci\u00f3n \u00abPol\u00edtico Sindical\u00bb de CTERA 2015<\/p><\/div>\n<p style=\"text-align: justify;\">Con una gran participaci\u00f3n de docentes de todas las provincias comenz\u00f3 este jueves 28 de mayo, la primera jornada de Formaci\u00f3n Pol\u00edtico Sindical de CTERA.<\/p>\n<p style=\"text-align: justify;\">Con la presencia de los \u00a0Secretarios Generales de las Entidades de base y miembros de la Junta Ejecutiva de CTERA y el panel integrado por\u00a0Sonia Alesso &#8211; Secretaria General de CTERA- Hugo Yasky &#8211; Secretario General de la CTA &#8211; y Javier Guevara &#8211; Secretario de Formaci\u00f3n Pol\u00edtico Sindical de CTERA &#8211;\u00a0Sonia Alessso,Secretaria General de CTERA expres\u00f3 que \u00ab\u201ceste segundo a\u00f1o de formaci\u00f3n pol\u00edtico sindical tiene una importancia fundamental para nuestra organizaci\u00f3n. La importancia que haya muchos docentes j\u00f3venes de todas las provincias.<\/p>\n<p style=\"text-align: justify;\">Este era un deseo de nuestra querida compa\u00f1era Stella Maldonado que ve\u00eda un en la formaci\u00f3n de nuestras compa\u00f1eras y compa\u00f1eros.<\/p>\n<p style=\"text-align: justify;\">Venimos del festejo popular del 25 de Mayo, de alegr\u00edas y esperanzas de nuestro pueblo recuperando el sentido de la Patria. Vivimos una \u00e9poca sin miedos a la represi\u00f3n, es otra etapa en nuestra Argentina.<\/p>\n<p style=\"text-align: justify;\">Debemos profundizar los debates porque hay sectores que quieren retroceder. Nosotros tenemos autoridad para hablar de las pol\u00edticas de los 90 porque estuvimos resistiendo y luchando en las calles.<\/p>\n<p style=\"text-align: justify;\">Esta es una etapa singular de la historia de Am\u00e9rica Latina. Debemos profundizar el debate: d\u00f3nde est\u00e1 el enemigo, d\u00f3nde juega el imperialismo.<\/p>\n<p style=\"text-align: justify;\">Debate que tiene que ver con una disputa cultural que excede la discusi\u00f3n salarial.<\/p>\n<p style=\"text-align: justify;\">Con la Ley de Financiamiento Educativo dimos vuelta la p\u00e1gina de la historia: si nac\u00edas en una provincia pobre no ten\u00edas destino, el Estado estaba ausente. Discutimos la posibilidad de pensar que los chicos, los maestros argentinos tenemos un destino com\u00fan y los mismos derechos.<\/p>\n<p style=\"text-align: justify;\">Hoy tenemos -gracias a nuestra lucha &#8211; por primera vez formaci\u00f3n permanente, gratuita y en servicio. Recursos nacionales para la formaci\u00f3n docente en todo el pa\u00eds. Hoy los conocimientos que producimos en nuestros sindicatos de base tienen un reconocimiento.<\/p>\n<p style=\"text-align: justify;\">Compa\u00f1eras, compa\u00f1eros, hay que hacer memoria, hay que hacer un balance. Debemos comprender la importancia que tiene cada una de las batallas que dimos.<\/p>\n<p style=\"text-align: justify;\">Debemos escribir nuestra propia historia.<\/p>\n<p style=\"text-align: justify;\">Debemos producir materiales sobre los conocimientos que producimos en nuestros sindicatos.<\/p>\n<p style=\"text-align: justify;\">Algo nuevo est\u00e1 pasando en el mundo. La hora del neoliberalismo no es eterna. Miremos lo que pasa en Grecia y en Espa\u00f1a. Y en esto mucho tiene que ver Am\u00e9rica Latina. La quita de la deuda, presidentes como Evo, Chavez, Lula.<br \/>\nCTERA tiene este a\u00f1o dos objetivos fundamentales: realizar el Congreso Educativo hacia un Movimiento Pedag\u00f3gico Latinoamericano y una nueva Ley de Financiamiento Educativo que eleve el presupuesto al 10 % &#8211; 8 % para educaci\u00f3n , 2 % para universidades -.<\/p>\n<p style=\"text-align: justify;\">Estas dos peleas que vamos a dar, la pedag\u00f3gica y la del financiamiento, son fundamentales, son necesarias, para profundizar la redistribuci\u00f3n de la riquezas, mejorar las escuelas, la educaci\u00f3n de nuestros estudiantes y docentes.<br \/>\nDebemos generar una m\u00edstica militante que una a cada uno de nuestros sindicatos.\u201d<\/p>\n<p style=\"text-align: justify;\">A continuaci\u00f3n Hugo Yasky ,Secretario de la CTA Nacional ,afirm\u00f3 \u00abhoy vivimos un tiempo de compromiso de los trabajadores con la integraci\u00f3n regional y la unidad de Am\u00e9rica Latina.<\/p>\n<p style=\"text-align: justify;\">Formamos parte de la clase trabajadora, los docentes se hicieron cargo de esa pertenencia. En el 73, en el debate de la creaci\u00f3n de CTERA, algunos quer\u00edan ponerle de nombre Confederaci\u00f3n de Docentes, llevaron ocho horas de discusi\u00f3n para llegar al nombre de Confederaci\u00f3n de Trabajadores de la Educaci\u00f3n de la Rep\u00fablica Argentina.<\/p>\n<p style=\"text-align: justify;\">Am\u00e9rica Latina vive un proceso de convulsi\u00f3n, de cambios sociales, de crisis del neoliberalismo que se expres\u00f3 en el Consenso de Washington &#8211; encabezados por Margaret Teacher y Ronald Regan \u2013 de ordenar las pol\u00edticas que rodeaban a las potencias:<\/p>\n<p style=\"text-align: justify;\">Un Estado m\u00ednimo; sacralizaci\u00f3n de lo privado \u2013 no ceder ante el monopolio de lo p\u00fablico -; la pobreza y la desigualdad eran hechos naturales; la libertad de los mercados\u2026<br \/>\nHoy est\u00e1 en disputa Am\u00e9rica Latina.<\/p>\n<p style=\"text-align: justify;\">Hace unos d\u00edas se reuni\u00f3 el Foro de Convergencia Econ\u00f3mica &#8211; donde est\u00e1n la Sociedad Rural, la UIA, la C\u00e1mara de Comercio Argentina y Estados Unidos, los grandes monopol\u00edos medi\u00e1ticos \u2013 y emiti\u00f3 un documento dirigido a los candidatos a presidentes donde desarrollan los mandatos que deben llevar adelante. Este documento fue redactado por intelectuales a sueldo de los grandes empresarios. En este documento se ven los mismos contenidos que en el Cosenso de Washington: presencia del mercado sobre lo p\u00fablico; terminar con las pol\u00edticas sociales; el Estado no puede competir con el sector privado.<\/p>\n<p style=\"text-align: justify;\">Les molesta que hoy la agenda de Am\u00e9rica Latina sea social, de integraci\u00f3n, de terminar con la pobreza, de independencia de Estados Unidos.<\/p>\n<p style=\"text-align: justify;\">Reitero, Am\u00e9rica Latina es un continente en disputa. En 2005 muchos dijimos No al ALCA y otros siguieron otros rumbos como M\u00e9xico, Colombia, Honduras, Paraguay Per\u00fa, Guatemala.<\/p>\n<p style=\"text-align: justify;\">La derecha de nuestros pa\u00edses quiere volver a los 90.<\/p>\n<p style=\"text-align: justify;\">Hoy tenemos un debate pol\u00edtico interno en Argentina: volvemos a los 90 o si avanzamos para transformar la realidad.<\/p>\n<p style=\"text-align: justify;\">Creemos que la clase trabajadora es el n\u00facleo de cambio. Agust\u00edn Tosco dec\u00eda: \u201cLa clase trabajadora no puede ser furg\u00f3n de cola de la burgues\u00eda\u201d, hoy podemos afirmar:<\/p>\n<p style=\"text-align: justify;\">\u201cLa clase trabajadora no puede ser furg\u00f3n de cola de la derecha, de los empresarios.\u201d<\/p>\n<p style=\"text-align: justify;\">Por eso la formaci\u00f3n es clave. Que nunca nos saquen la br\u00fajula del orgullo que somos la clase trabajadora.<br \/>\nEl orgullo de tener un guardapolvo blanco y pertenecer a la escuela p\u00fablica.\u201d<\/p>\n<p>Para finalizar el inicio de este segundo Encuentro de Formaci\u00f3n Pol\u00edtico Sindical, Javier Guevara dio la bienvenida a los docentes, agradeci\u00f3 a todos los que trabajaron en el proyecto e inform\u00f3 cu\u00e1les ser\u00edan los ejes del trabajo.<\/p>\n<p>PRENSA CTERA<\/p>\n<div id=\"attachment_3440\" style=\"width: 610px\" class=\"wp-caption aligncenter\"><img loading=\"lazy\" decoding=\"async\" aria-describedby=\"caption-attachment-3440\" class=\"wp-image-3440 size-full\" src=\"https:\/\/adfformosa.com.ar\/wp-content\/uploads\/2015\/05\/IMG-20150530-WA002-e1433292489554.jpg\" alt=\"IMG-20150530-WA002\" width=\"600\" height=\"450\" \/><p id=\"caption-attachment-3440\" class=\"wp-caption-text\">ADF \u00abFormaci\u00f3n Pol\u00edtico Sindical\u00bb CTERA 2015<\/p><\/div>\n<div id=\"attachment_3439\" style=\"width: 610px\" class=\"wp-caption aligncenter\"><img loading=\"lazy\" decoding=\"async\" aria-describedby=\"caption-attachment-3439\" class=\"wp-image-3439 size-full\" src=\"https:\/\/adfformosa.com.ar\/wp-content\/uploads\/2015\/05\/IMG-20150530-WA000-e1433292507230.jpg\" alt=\"IMG-20150530-WA000\" width=\"600\" height=\"1000\" \/><p id=\"caption-attachment-3439\" class=\"wp-caption-text\">Javier P\u00e9rez,Secretario Administrativo de ADF.-<\/p><\/div>\n","protected":false},"excerpt":{"rendered":"<p>Con una gran participaci\u00f3n de docentes de todas las provincias comenz\u00f3 este jueves 28 de mayo, la primera jornada de Formaci\u00f3n Pol\u00edtico Sindical de CTERA. Con la presencia de los&#8230; <span class=\"meta-more\"><a href=\"https:\/\/adfformosa.com.ar\/?p=3437\">Leer mas &raquo;<\/a><\/span><\/p>\n","protected":false},"author":3,"featured_media":3438,"comment_status":"open","ping_status":"closed","sticky":false,"template":"","format":"standard","meta":{"footnotes":""},"categories":[2],"tags":[],"class_list":["post-3437","post","type-post","status-publish","format-standard","has-post-thumbnail","hentry","category-prensa-adf","even alt"],"_links":{"self":[{"href":"https:\/\/adfformosa.com.ar\/index.php?rest_route=\/wp\/v2\/posts\/3437","targetHints":{"allow":["GET"]}}],"collection":[{"href":"https:\/\/adfformosa.com.ar\/index.php?rest_route=\/wp\/v2\/posts"}],"about":[{"href":"https:\/\/adfformosa.com.ar\/index.php?rest_route=\/wp\/v2\/types\/post"}],"author":[{"embeddable":true,"href":"https:\/\/adfformosa.com.ar\/index.php?rest_route=\/wp\/v2\/users\/3"}],"replies":[{"embeddable":true,"href":"https:\/\/adfformosa.com.ar\/index.php?rest_route=%2Fwp%2Fv2%2Fcomments&post=3437"}],"version-history":[{"count":3,"href":"https:\/\/adfformosa.com.ar\/index.php?rest_route=\/wp\/v2\/posts\/3437\/revisions"}],"predecessor-version":[{"id":3459,"href":"https:\/\/adfformosa.com.ar\/index.php?rest_route=\/wp\/v2\/posts\/3437\/revisions\/3459"}],"wp:featuredmedia":[{"embeddable":true,"href":"https:\/\/adfformosa.com.ar\/index.php?rest_route=\/wp\/v2\/media\/3438"}],"wp:attachment":[{"href":"https:\/\/adfformosa.com.ar\/index.php?rest_route=%2Fwp%2Fv2%2Fmedia&parent=3437"}],"wp:term":[{"taxonomy":"category","embeddable":true,"href":"https:\/\/adfformosa.com.ar\/index.php?rest_route=%2Fwp%2Fv2%2Fcategories&post=3437"},{"taxonomy":"post_tag","embeddable":true,"href":"https:\/\/adfformosa.com.ar\/index.php?rest_route=%2Fwp%2Fv2%2Ftags&post=3437"}],"curies":[{"name":"wp","href":"https:\/\/api.w.org\/{rel}","templated":true}]}}