{"id":3390,"date":"2015-05-22T16:50:42","date_gmt":"2015-05-22T19:50:42","guid":{"rendered":"http:\/\/adfformosa.com.ar\/?p=3390"},"modified":"2015-05-28T09:57:29","modified_gmt":"2015-05-28T12:57:29","slug":"niunamenos-movilizacion-de-ctera-y-cta","status":"publish","type":"post","link":"https:\/\/adfformosa.com.ar\/?p=3390","title":{"rendered":"#NiUnaMenos movilizaci\u00f3n de CTERA y CTA"},"content":{"rendered":"<div id=\"s-share-buttons\" class=\"horizontal-w-c-r-border s-share-w-c\"><a href=\"http:\/\/www.facebook.com\/sharer.php?u=https:\/\/adfformosa.com.ar\/?p=3390\" target=\"_blank\" title=\"Share to Facebook\" class=\"s3-facebook hint--top\"><\/a><a href=\"http:\/\/twitter.com\/intent\/tweet?text=#NiUnaMenos movilizaci\u00f3n de CTERA y CTA&url=https:\/\/adfformosa.com.ar\/?p=3390\" target=\"_blank\"  title=\"Share to Twitter\" class=\"s3-twitter hint--top\"><\/a><a href=\"https:\/\/plus.google.com\/share?url=https:\/\/adfformosa.com.ar\/?p=3390\" target=\"_blank\"  title=\"Share to Google Plus\" class=\"s3-google-plus hint--top\"><\/a><a href=\"http:\/\/www.digg.com\/submit?url=https:\/\/adfformosa.com.ar\/?p=3390\" target=\"_blank\"  title=\"Share to Digg\" class=\"s3-digg hint--top\"><\/a><a href=\"http:\/\/www.tumblr.com\/share\/link?url=https%3A%2F%2Fadfformosa.com.ar%2F%3Fp%3D3390&name=%23NiUnaMenos+movilizaci%C3%B3n+de+CTERA+y+CTA\" target=\"_blank\" title=\"Share to Tumblr\" class=\"s3-tumblr hint--top\"><\/a><a href=\"mailto:?Subject=#NiUnaMenos%20movilizaci\u00f3n%20de%20CTERA%20y%20CTA&Body=Here%20is%20the%20link%20to%20the%20article:%20https:\/\/adfformosa.com.ar\/?p=3390\" title=\"Email this article\" class=\"s3-email hint--top\"><\/a><\/div><p><span class=\"volanta\"><img loading=\"lazy\" decoding=\"async\" class=\"alignleft wp-image-3392 size-full\" src=\"https:\/\/adfformosa.com.ar\/wp-content\/uploads\/2015\/05\/11215832_1606246299617304_2397838415671396039_n-e1432324191649.jpg\" alt=\"11215832_1606246299617304_2397838415671396039_n\" width=\"400\" height=\"281\" \/><strong>Movilizaci\u00f3n<\/strong><\/span><\/p>\n<p style=\"text-align: left;\"><span class=\"volanta\">#NiUnaMenos: la condena a los feminicidios tomar\u00e1 las calles el 3 de junio en Argentina<\/span><\/p>\n<p style=\"text-align: justify;\">#NiUnaMenos es la consigna. Ni una mujer menos asesinada por el hecho de serlo, en un pa\u00eds donde, seg\u00fan estad\u00edsticas de La Casa del Encuentro, se genera un femicidio cada 31 horas en Argentina.<\/p>\n<p style=\"text-align: justify;\">En diversos lugares del pa\u00eds, se concentrar\u00e1n personas que tomar\u00e1n las calles para pedir que terminen los feminicidios, una convocatoria impulsada desde las redes sociales por periodistas, que se viraliz\u00f3 y cuenta con la adhesi\u00f3n de representantes del Gobierno, la pol\u00edtica, la cultura, el espect\u00e1culo y los medios.<\/p>\n<p style=\"text-align: justify;\">La CTERA y la CTA adhieren a la movilizaci\u00f3n.<\/p>\n<p>Una de las que falta es Chiara P\u00e1ez, de 14 a\u00f1os, embarazada, cuyo asesino confeso es su novio de 16.<\/p>\n<p style=\"text-align: justify;\">El impacto de este femicidio ocurrido hace una semana en la ciudad santafesina de Rafaela impact\u00f3 en los medios y moviliz\u00f3 .<\/p>\n<p style=\"text-align: justify;\">En 2014 hubo 277 mujeres menos en Argentina. Son las v\u00edctimas de feminicidios.<\/p>\n","protected":false},"excerpt":{"rendered":"<p>Movilizaci\u00f3n #NiUnaMenos: la condena a los feminicidios tomar\u00e1 las calles el 3 de junio en Argentina #NiUnaMenos es la consigna. Ni una mujer menos asesinada por el hecho de serlo,&#8230; <span class=\"meta-more\"><a href=\"https:\/\/adfformosa.com.ar\/?p=3390\">Leer mas &raquo;<\/a><\/span><\/p>\n","protected":false},"author":3,"featured_media":3392,"comment_status":"open","ping_status":"closed","sticky":false,"template":"","format":"standard","meta":{"footnotes":""},"categories":[2],"tags":[],"class_list":["post-3390","post","type-post","status-publish","format-standard","has-post-thumbnail","hentry","category-prensa-adf","even alt"],"_links":{"self":[{"href":"https:\/\/adfformosa.com.ar\/index.php?rest_route=\/wp\/v2\/posts\/3390","targetHints":{"allow":["GET"]}}],"collection":[{"href":"https:\/\/adfformosa.com.ar\/index.php?rest_route=\/wp\/v2\/posts"}],"about":[{"href":"https:\/\/adfformosa.com.ar\/index.php?rest_route=\/wp\/v2\/types\/post"}],"author":[{"embeddable":true,"href":"https:\/\/adfformosa.com.ar\/index.php?rest_route=\/wp\/v2\/users\/3"}],"replies":[{"embeddable":true,"href":"https:\/\/adfformosa.com.ar\/index.php?rest_route=%2Fwp%2Fv2%2Fcomments&post=3390"}],"version-history":[{"count":2,"href":"https:\/\/adfformosa.com.ar\/index.php?rest_route=\/wp\/v2\/posts\/3390\/revisions"}],"predecessor-version":[{"id":3431,"href":"https:\/\/adfformosa.com.ar\/index.php?rest_route=\/wp\/v2\/posts\/3390\/revisions\/3431"}],"wp:featuredmedia":[{"embeddable":true,"href":"https:\/\/adfformosa.com.ar\/index.php?rest_route=\/wp\/v2\/media\/3392"}],"wp:attachment":[{"href":"https:\/\/adfformosa.com.ar\/index.php?rest_route=%2Fwp%2Fv2%2Fmedia&parent=3390"}],"wp:term":[{"taxonomy":"category","embeddable":true,"href":"https:\/\/adfformosa.com.ar\/index.php?rest_route=%2Fwp%2Fv2%2Fcategories&post=3390"},{"taxonomy":"post_tag","embeddable":true,"href":"https:\/\/adfformosa.com.ar\/index.php?rest_route=%2Fwp%2Fv2%2Ftags&post=3390"}],"curies":[{"name":"wp","href":"https:\/\/api.w.org\/{rel}","templated":true}]}}