{"id":2771,"date":"2014-11-25T20:52:45","date_gmt":"2014-11-25T23:52:45","guid":{"rendered":"http:\/\/adfformosa.com.ar\/?p=2771"},"modified":"2014-12-15T10:48:37","modified_gmt":"2014-12-15T13:48:37","slug":"vacaciones-2015-en-villa-carlos-paz","status":"publish","type":"post","link":"https:\/\/adfformosa.com.ar\/?p=2771","title":{"rendered":"Vacaciones 2015 en Villa Carlos Paz para afiliados"},"content":{"rendered":"<div id=\"s-share-buttons\" class=\"horizontal-w-c-r-border s-share-w-c\"><a href=\"http:\/\/www.facebook.com\/sharer.php?u=https:\/\/adfformosa.com.ar\/?p=2771\" target=\"_blank\" title=\"Share to Facebook\" class=\"s3-facebook hint--top\"><\/a><a href=\"http:\/\/twitter.com\/intent\/tweet?text=Vacaciones 2015 en Villa Carlos Paz para afiliados&url=https:\/\/adfformosa.com.ar\/?p=2771\" target=\"_blank\"  title=\"Share to Twitter\" class=\"s3-twitter hint--top\"><\/a><a href=\"https:\/\/plus.google.com\/share?url=https:\/\/adfformosa.com.ar\/?p=2771\" target=\"_blank\"  title=\"Share to Google Plus\" class=\"s3-google-plus hint--top\"><\/a><a href=\"http:\/\/www.digg.com\/submit?url=https:\/\/adfformosa.com.ar\/?p=2771\" target=\"_blank\"  title=\"Share to Digg\" class=\"s3-digg hint--top\"><\/a><a href=\"http:\/\/www.tumblr.com\/share\/link?url=https%3A%2F%2Fadfformosa.com.ar%2F%3Fp%3D2771&name=Vacaciones+2015+en+Villa+Carlos+Paz+para+afiliados\" target=\"_blank\" title=\"Share to Tumblr\" class=\"s3-tumblr hint--top\"><\/a><a href=\"mailto:?Subject=Vacaciones%202015%20en%20Villa%20Carlos%20Paz%20para%20afiliados&Body=Here%20is%20the%20link%20to%20the%20article:%20https:\/\/adfformosa.com.ar\/?p=2771\" title=\"Email this article\" class=\"s3-email hint--top\"><\/a><\/div><h1><img loading=\"lazy\" decoding=\"async\" class=\"wp-image-2772 size-full aligncenter\" src=\"https:\/\/adfformosa.com.ar\/wp-content\/uploads\/2014\/11\/10599686_1584182138477774_9125086673749817842_n-e1417392487963.jpg\" alt=\"10599686_1584182138477774_9125086673749817842_n\" width=\"586\" height=\"386\" \/><\/h1>\n<p style=\"text-align: justify;\">La Secretar\u00eda de Cultura y Promoci\u00f3n de la Agremiaci\u00f3n del Docente Formose\u00f1o informa a los afiliados de capital e interior de la provincia que se encuentra disponible para las vacaciones 2015, una promoci\u00f3n especial para viajar a Villa Carlos Paz,C\u00f3rdoba.<\/p>\n<p style=\"text-align: justify;\">La promoci\u00f3n incluye hotel ( 7 noches) y media pensi\u00f3n con un costo de $ 2400 por persona.<\/p>\n<p style=\"text-align: justify;\">Fecha disponible: 9 al 16 de febrero 2015<\/p>\n<p style=\"text-align: justify;\">Formas de pago: Contado o con tarjeta de cr\u00e9dito.<\/p>\n<p style=\"text-align: justify;\">No incluye traslado<\/p>\n<p style=\"text-align: justify;\">Consultas: Eva Per\u00f3n 129 de 8 a 12 y de 17 a 20 H<\/p>\n<p style=\"text-align: justify;\">TE Fijo: \u00a03704-4437015<\/p>\n","protected":false},"excerpt":{"rendered":"<p>La Secretar\u00eda de Cultura y Promoci\u00f3n de la Agremiaci\u00f3n del Docente Formose\u00f1o informa a los afiliados de capital e interior de la provincia que se encuentra disponible para las vacaciones&#8230; <span class=\"meta-more\"><a href=\"https:\/\/adfformosa.com.ar\/?p=2771\">Leer mas &raquo;<\/a><\/span><\/p>\n","protected":false},"author":3,"featured_media":2772,"comment_status":"open","ping_status":"closed","sticky":false,"template":"","format":"standard","meta":{"footnotes":""},"categories":[9,2],"tags":[],"class_list":["post-2771","post","type-post","status-publish","format-standard","has-post-thumbnail","hentry","category-beneficios-para-afiliados","category-prensa-adf","even alt"],"_links":{"self":[{"href":"https:\/\/adfformosa.com.ar\/index.php?rest_route=\/wp\/v2\/posts\/2771","targetHints":{"allow":["GET"]}}],"collection":[{"href":"https:\/\/adfformosa.com.ar\/index.php?rest_route=\/wp\/v2\/posts"}],"about":[{"href":"https:\/\/adfformosa.com.ar\/index.php?rest_route=\/wp\/v2\/types\/post"}],"author":[{"embeddable":true,"href":"https:\/\/adfformosa.com.ar\/index.php?rest_route=\/wp\/v2\/users\/3"}],"replies":[{"embeddable":true,"href":"https:\/\/adfformosa.com.ar\/index.php?rest_route=%2Fwp%2Fv2%2Fcomments&post=2771"}],"version-history":[{"count":5,"href":"https:\/\/adfformosa.com.ar\/index.php?rest_route=\/wp\/v2\/posts\/2771\/revisions"}],"predecessor-version":[{"id":2833,"href":"https:\/\/adfformosa.com.ar\/index.php?rest_route=\/wp\/v2\/posts\/2771\/revisions\/2833"}],"wp:featuredmedia":[{"embeddable":true,"href":"https:\/\/adfformosa.com.ar\/index.php?rest_route=\/wp\/v2\/media\/2772"}],"wp:attachment":[{"href":"https:\/\/adfformosa.com.ar\/index.php?rest_route=%2Fwp%2Fv2%2Fmedia&parent=2771"}],"wp:term":[{"taxonomy":"category","embeddable":true,"href":"https:\/\/adfformosa.com.ar\/index.php?rest_route=%2Fwp%2Fv2%2Fcategories&post=2771"},{"taxonomy":"post_tag","embeddable":true,"href":"https:\/\/adfformosa.com.ar\/index.php?rest_route=%2Fwp%2Fv2%2Ftags&post=2771"}],"curies":[{"name":"wp","href":"https:\/\/api.w.org\/{rel}","templated":true}]}}