{"id":1878,"date":"2014-07-15T19:17:33","date_gmt":"2014-07-15T22:17:33","guid":{"rendered":"http:\/\/adfformosa.com.ar\/?p=1878"},"modified":"2014-07-15T20:57:19","modified_gmt":"2014-07-15T23:57:19","slug":"los-formosenos-celebramos-el-dia-de-nuestra-patrona-la-virgen-del-carmen","status":"publish","type":"post","link":"https:\/\/adfformosa.com.ar\/?p=1878","title":{"rendered":"Los Formose\u00f1os celebramos el d\u00eda de nuestra patrona la Virgen del Carmen"},"content":{"rendered":"<div id=\"s-share-buttons\" class=\"horizontal-w-c-r-border s-share-w-c\"><a href=\"http:\/\/www.facebook.com\/sharer.php?u=https:\/\/adfformosa.com.ar\/?p=1878\" target=\"_blank\" title=\"Share to Facebook\" class=\"s3-facebook hint--top\"><\/a><a href=\"http:\/\/twitter.com\/intent\/tweet?text=Los Formose\u00f1os celebramos el d\u00eda de nuestra patrona la Virgen del Carmen&url=https:\/\/adfformosa.com.ar\/?p=1878\" target=\"_blank\"  title=\"Share to Twitter\" class=\"s3-twitter hint--top\"><\/a><a href=\"https:\/\/plus.google.com\/share?url=https:\/\/adfformosa.com.ar\/?p=1878\" target=\"_blank\"  title=\"Share to Google Plus\" class=\"s3-google-plus hint--top\"><\/a><a href=\"http:\/\/www.digg.com\/submit?url=https:\/\/adfformosa.com.ar\/?p=1878\" target=\"_blank\"  title=\"Share to Digg\" class=\"s3-digg hint--top\"><\/a><a href=\"http:\/\/www.tumblr.com\/share\/link?url=https%3A%2F%2Fadfformosa.com.ar%2F%3Fp%3D1878&name=Los+Formose%C3%B1os+celebramos+el+d%C3%ADa+de+nuestra+patrona+la+Virgen+del+Carmen\" target=\"_blank\" title=\"Share to Tumblr\" class=\"s3-tumblr hint--top\"><\/a><a href=\"mailto:?Subject=Los%20Formose\u00f1os%20celebramos%20el%20d\u00eda%20de%20nuestra%20patrona%20la%20Virgen%20del%20Carmen&Body=Here%20is%20the%20link%20to%20the%20article:%20https:\/\/adfformosa.com.ar\/?p=1878\" title=\"Email this article\" class=\"s3-email hint--top\"><\/a><\/div><h5 style=\"color: #666666; text-align: justify;\"><img loading=\"lazy\" decoding=\"async\" class=\"alignleft size-medium wp-image-1879\" src=\"https:\/\/adfformosa.com.ar\/wp-content\/uploads\/2014\/07\/376402_10151093505305289_726595020_n-300x200.jpg\" alt=\"376402_10151093505305289_726595020_n\" width=\"300\" height=\"200\" srcset=\"https:\/\/adfformosa.com.ar\/wp-content\/uploads\/2014\/07\/376402_10151093505305289_726595020_n-300x200.jpg 300w, https:\/\/adfformosa.com.ar\/wp-content\/uploads\/2014\/07\/376402_10151093505305289_726595020_n-900x600.jpg 900w, https:\/\/adfformosa.com.ar\/wp-content\/uploads\/2014\/07\/376402_10151093505305289_726595020_n.jpg 960w\" sizes=\"auto, (max-width: 300px) 100vw, 300px\" \/><span style=\"color: #000000;\">Fecha para recordar : 16 de Julio ,D\u00eda de la Virgen del Carmen, Patrona de Formosa<\/span><\/h5>\n<p style=\"color: #666666; text-align: justify;\"><span style=\"color: #000000;\">En la catedral de Formosa, la imagen que se exhibe en lo alto del altar mayor, es la de Virgen Nuestra Se\u00f1ora del Carmen, Patrona de la Ciudad y de nuestra provincia, a la que el pueblo formose\u00f1o venera con unci\u00f3n desde los tiempos de la fundaci\u00f3n.<span id=\"more-2699\" style=\"font-weight: inherit; font-style: inherit;\"><\/span><\/span><\/p>\n<p style=\"color: #666666; text-align: justify;\"><span style=\"color: #000000;\">Una plaqueta de bronce tiene la siguiente inscripci\u00f3n: \u201cEsta imagen es la fundadora y Patrona de Formosa, tra\u00edda de villa occidental por el Comandante Don Lu\u00eds Jorge Fontana y sus acompa\u00f1antes\u201d.<img loading=\"lazy\" decoding=\"async\" class=\"size-medium wp-image-1880 alignright\" src=\"https:\/\/adfformosa.com.ar\/wp-content\/uploads\/2014\/07\/482111_10151093506700289_2117367018_n-300x200.jpg\" alt=\"482111_10151093506700289_2117367018_n\" width=\"300\" height=\"200\" srcset=\"https:\/\/adfformosa.com.ar\/wp-content\/uploads\/2014\/07\/482111_10151093506700289_2117367018_n-300x200.jpg 300w, https:\/\/adfformosa.com.ar\/wp-content\/uploads\/2014\/07\/482111_10151093506700289_2117367018_n-900x600.jpg 900w, https:\/\/adfformosa.com.ar\/wp-content\/uploads\/2014\/07\/482111_10151093506700289_2117367018_n.jpg 960w\" sizes=\"auto, (max-width: 300px) 100vw, 300px\" \/><\/span><\/p>\n<p style=\"color: #666666; text-align: justify;\"><span style=\"color: #000000;\">La banda con los colores argentinos que cruza el pecho de la talla, es la correspondiente a Generala del Ej\u00e9rcito Argentino, otorgada por Decreto del Gobierno Nacional el 4 de junio de 1947.<\/span><\/p>\n<p style=\"color: #666666; text-align: justify;\"><span style=\"color: #000000;\">El 16 de Julio 1966 el Obispo de Formosa Monse\u00f1or Fray Pac\u00edfico Scozzina, en nombre del Papa Pablo VI, le impone la Corona Pontificia, tallada en oro.<\/span><\/p>\n<p style=\"color: #666666; text-align: justify;\"><span style=\"color: #000000;\"><br \/>\nEsta imagen peregrin\u00f3 por todo el territorio formose\u00f1o en el a\u00f1o 1953, para incentivar en todas las poblaciones su devoci\u00f3n por la Santa Patrona.<\/span><\/p>\n<p style=\"color: #666666; text-align: justify;\"><span style=\"color: #000000;\">La Ley Provincial N\u00b0168 sancionada en 1960 y ratificada por el Decreto N\u00b0 295\/79 la declara como Patrona de Formosa estableci\u00e9ndose adem\u00e1s en la fecha feriado provincial.<\/span><\/p>\n<p style=\"color: #666666; text-align: justify;\">\n","protected":false},"excerpt":{"rendered":"<p>Fecha para recordar : 16 de Julio ,D\u00eda de la Virgen del Carmen, Patrona de Formosa En la catedral de Formosa, la imagen que se exhibe en lo alto del&#8230; <span class=\"meta-more\"><a href=\"https:\/\/adfformosa.com.ar\/?p=1878\">Leer mas &raquo;<\/a><\/span><\/p>\n","protected":false},"author":3,"featured_media":1879,"comment_status":"open","ping_status":"closed","sticky":false,"template":"","format":"standard","meta":{"footnotes":""},"categories":[2],"tags":[],"class_list":["post-1878","post","type-post","status-publish","format-standard","has-post-thumbnail","hentry","category-prensa-adf","even alt"],"_links":{"self":[{"href":"https:\/\/adfformosa.com.ar\/index.php?rest_route=\/wp\/v2\/posts\/1878","targetHints":{"allow":["GET"]}}],"collection":[{"href":"https:\/\/adfformosa.com.ar\/index.php?rest_route=\/wp\/v2\/posts"}],"about":[{"href":"https:\/\/adfformosa.com.ar\/index.php?rest_route=\/wp\/v2\/types\/post"}],"author":[{"embeddable":true,"href":"https:\/\/adfformosa.com.ar\/index.php?rest_route=\/wp\/v2\/users\/3"}],"replies":[{"embeddable":true,"href":"https:\/\/adfformosa.com.ar\/index.php?rest_route=%2Fwp%2Fv2%2Fcomments&post=1878"}],"version-history":[{"count":6,"href":"https:\/\/adfformosa.com.ar\/index.php?rest_route=\/wp\/v2\/posts\/1878\/revisions"}],"predecessor-version":[{"id":1891,"href":"https:\/\/adfformosa.com.ar\/index.php?rest_route=\/wp\/v2\/posts\/1878\/revisions\/1891"}],"wp:featuredmedia":[{"embeddable":true,"href":"https:\/\/adfformosa.com.ar\/index.php?rest_route=\/wp\/v2\/media\/1879"}],"wp:attachment":[{"href":"https:\/\/adfformosa.com.ar\/index.php?rest_route=%2Fwp%2Fv2%2Fmedia&parent=1878"}],"wp:term":[{"taxonomy":"category","embeddable":true,"href":"https:\/\/adfformosa.com.ar\/index.php?rest_route=%2Fwp%2Fv2%2Fcategories&post=1878"},{"taxonomy":"post_tag","embeddable":true,"href":"https:\/\/adfformosa.com.ar\/index.php?rest_route=%2Fwp%2Fv2%2Ftags&post=1878"}],"curies":[{"name":"wp","href":"https:\/\/api.w.org\/{rel}","templated":true}]}}