{"id":1275,"date":"2014-05-06T11:15:44","date_gmt":"2014-05-06T14:15:44","guid":{"rendered":"http:\/\/adfformosa.com.ar\/?p=1275"},"modified":"2014-05-16T21:16:59","modified_gmt":"2014-05-17T00:16:59","slug":"mama-a-partir-de-que-edad-podes-incorporar-fibras-a-la-dieta-de-tu-hijit","status":"publish","type":"post","link":"https:\/\/adfformosa.com.ar\/?p=1275","title":{"rendered":"Mam\u00e1 : A partir de que edad podes incorporar fibras a la dieta de tu hijit@?"},"content":{"rendered":"<div id=\"s-share-buttons\" class=\"horizontal-w-c-r-border s-share-w-c\"><a href=\"http:\/\/www.facebook.com\/sharer.php?u=https:\/\/adfformosa.com.ar\/?p=1275\" target=\"_blank\" title=\"Share to Facebook\" class=\"s3-facebook hint--top\"><\/a><a href=\"http:\/\/twitter.com\/intent\/tweet?text=Mam\u00e1 : A partir de que edad podes incorporar fibras a la dieta de tu hijit@?&url=https:\/\/adfformosa.com.ar\/?p=1275\" target=\"_blank\"  title=\"Share to Twitter\" class=\"s3-twitter hint--top\"><\/a><a href=\"https:\/\/plus.google.com\/share?url=https:\/\/adfformosa.com.ar\/?p=1275\" target=\"_blank\"  title=\"Share to Google Plus\" class=\"s3-google-plus hint--top\"><\/a><a href=\"http:\/\/www.digg.com\/submit?url=https:\/\/adfformosa.com.ar\/?p=1275\" target=\"_blank\"  title=\"Share to Digg\" class=\"s3-digg hint--top\"><\/a><a href=\"http:\/\/www.tumblr.com\/share\/link?url=https%3A%2F%2Fadfformosa.com.ar%2F%3Fp%3D1275&name=Mam%C3%A1+%3A+A+partir+de+que+edad+podes+incorporar+fibras+a+la+dieta+de+tu+hijit%40%3F\" target=\"_blank\" title=\"Share to Tumblr\" class=\"s3-tumblr hint--top\"><\/a><a href=\"mailto:?Subject=Mam\u00e1%20:%20A%20partir%20de%20que%20edad%20podes%20incorporar%20fibras%20a%20la%20dieta%20de%20tu%20hijit@?&Body=Here%20is%20the%20link%20to%20the%20article:%20https:\/\/adfformosa.com.ar\/?p=1275\" title=\"Email this article\" class=\"s3-email hint--top\"><\/a><\/div><p style=\"text-align: justify;\"><img loading=\"lazy\" decoding=\"async\" class=\"alignleft size-medium wp-image-1277\" src=\"https:\/\/adfformosa.com.ar\/wp-content\/uploads\/2014\/05\/FIBRA-PUBLI-ADF-NUTRICION-300x169.gif\" alt=\"FIBRA PUBLI ADF NUTRICION\" width=\"300\" height=\"169\" \/>Consultorio Nutricional<\/p>\n<p style=\"text-align: justify;\">Por Licenciada en Nutrici\u00f3n Laura Fern\u00e1ndez.MPN\u00ba88<\/p>\n<p style=\"text-align: justify;\">La fibra alimentaria es un componente natural de los alimentos de origen vegetal que no son digeridos por el aparato digestivo del hombre y que en cantidades adecuadas es esencial para que una dieta se considere sana y equilibrada.<\/p>\n<p style=\"text-align: justify;\">La fibra alimentaria proporciona m\u00faltiples beneficios para la salud, especialmente para las personas que mantienen un consumo elevado en forma regular:<\/p>\n<p style=\"text-align: justify;\">1)Disminuye el colesterol sangu\u00edneo malo(LDL)sin afectar los niveles del colesterol bueno (HDL) ,y triglic\u00e9ridos con menor riesgo de padecer enfermedad coronaria, hipertensi\u00f3n arterial, accidente cerebro vascular<\/p>\n<p style=\"text-align: justify;\">2)Mejora la insulinemia (insulina en sangre) y la glucemia (glucosa en sangre)<\/p>\n<p style=\"text-align: justify;\">3)Disminuye el riesgo de padecer ciertas enfermedades y\/o trastornos gastrointestinales como: c\u00e1ncer de colon, diverticulitis, estre\u00f1imiento, hemorroides entre otros.<\/p>\n<p style=\"text-align: justify;\">4)Ayuda a prevenir y tratar el sobrepeso y la obesidad debido a que aporta volumen a la dieta, producen mayor saciedad y retardan el vaciado g\u00e1strico.<\/p>\n<p style=\"text-align: justify;\">Adem\u00e1s existen fibras diet\u00e9ticas con funci\u00f3n prebi\u00f3tica, es decir estimulan el crecimiento de bacterias en el intestino que son beneficiosas para la salud.<\/p>\n<p style=\"text-align: justify;\">La ingesta de fibras alimentarias proporciona beneficios similares tanto para los adultos como para los ni\u00f1os .<\/p>\n<p style=\"text-align: justify;\">Se recomienda que la ingesta antes de los 2 a\u00f1os sea de 1 gr por cada 100 grs de alimento.<\/p>\n<p style=\"text-align: justify;\">A partir de los 2 a\u00f1os de 0.5 grs\/kg de peso, debido a que el aumento disminuye las calor\u00edas de la dieta alterando de esta manera el crecimiento e interfieren en la absorci\u00f3n de nutrientes considerados cr\u00edticos en los primeros a\u00f1os de vida como el calcio, el hierro y el zinc .<\/p>\n<p style=\"text-align: justify;\">La cantidad m\u00ednima que un adulto debe consumir a diario es de 25 a 30 grs por d\u00eda.<\/p>\n<p style=\"text-align: justify;\">\u00bfEn que alimentos lo podemos encontrar?<\/p>\n<p style=\"text-align: justify;\">\n<p style=\"text-align: justify;\">1)Cereales enteros: arroz integral, trigo, cebada, ma\u00edz, avena, germen de trigo .Pan y galletita integral<\/p>\n<p style=\"text-align: justify;\">2)Frutas: pera, manzana, naranja, pomelo, ciruela, banana, kiwi mandarina<\/p>\n<p style=\"text-align: justify;\">3)Vegetales: lechuga, repollo, espinaca, acelga, calabaza, zapallo, esp\u00e1rragos, zanahoria, br\u00f3coli, rucula entre otros.<\/p>\n<p style=\"text-align: justify;\">4)Frutos secos: principalmente almendras y nueces<br \/>\n5)Legumbres: porotos, lentejas, arvejas secas, garbanzos<br \/>\n6)Semillas: de lino, ch\u00eda, girasol<\/p>\n<p style=\"text-align: justify;\">Por todos estos beneficios que nos brinda el consumo de alimentos con alto contenido en fibras, los profesionales de la nutrici\u00f3n debemos incentivar a la poblaci\u00f3n mediante Educaci\u00f3n Alimentaria Nutricional a incluirlos en forma diaria en la dieta.<\/p>\n","protected":false},"excerpt":{"rendered":"<p>Consultorio Nutricional Por Licenciada en Nutrici\u00f3n Laura Fern\u00e1ndez.MPN\u00ba88 La fibra alimentaria es un componente natural de los alimentos de origen vegetal que no son digeridos por el aparato digestivo del&#8230; <span class=\"meta-more\"><a href=\"https:\/\/adfformosa.com.ar\/?p=1275\">Leer mas &raquo;<\/a><\/span><\/p>\n","protected":false},"author":3,"featured_media":1277,"comment_status":"open","ping_status":"closed","sticky":false,"template":"","format":"standard","meta":{"footnotes":""},"categories":[10],"tags":[],"class_list":["post-1275","post","type-post","status-publish","format-standard","has-post-thumbnail","hentry","category-asesoramiento-nutricional","even alt"],"_links":{"self":[{"href":"https:\/\/adfformosa.com.ar\/index.php?rest_route=\/wp\/v2\/posts\/1275","targetHints":{"allow":["GET"]}}],"collection":[{"href":"https:\/\/adfformosa.com.ar\/index.php?rest_route=\/wp\/v2\/posts"}],"about":[{"href":"https:\/\/adfformosa.com.ar\/index.php?rest_route=\/wp\/v2\/types\/post"}],"author":[{"embeddable":true,"href":"https:\/\/adfformosa.com.ar\/index.php?rest_route=\/wp\/v2\/users\/3"}],"replies":[{"embeddable":true,"href":"https:\/\/adfformosa.com.ar\/index.php?rest_route=%2Fwp%2Fv2%2Fcomments&post=1275"}],"version-history":[{"count":3,"href":"https:\/\/adfformosa.com.ar\/index.php?rest_route=\/wp\/v2\/posts\/1275\/revisions"}],"predecessor-version":[{"id":1317,"href":"https:\/\/adfformosa.com.ar\/index.php?rest_route=\/wp\/v2\/posts\/1275\/revisions\/1317"}],"wp:featuredmedia":[{"embeddable":true,"href":"https:\/\/adfformosa.com.ar\/index.php?rest_route=\/wp\/v2\/media\/1277"}],"wp:attachment":[{"href":"https:\/\/adfformosa.com.ar\/index.php?rest_route=%2Fwp%2Fv2%2Fmedia&parent=1275"}],"wp:term":[{"taxonomy":"category","embeddable":true,"href":"https:\/\/adfformosa.com.ar\/index.php?rest_route=%2Fwp%2Fv2%2Fcategories&post=1275"},{"taxonomy":"post_tag","embeddable":true,"href":"https:\/\/adfformosa.com.ar\/index.php?rest_route=%2Fwp%2Fv2%2Ftags&post=1275"}],"curies":[{"name":"wp","href":"https:\/\/api.w.org\/{rel}","templated":true}]}}