{"id":1038,"date":"2014-03-29T20:58:18","date_gmt":"2014-03-29T23:58:18","guid":{"rendered":"http:\/\/adfformosa.com.ar\/?p=1038"},"modified":"2014-03-29T21:00:01","modified_gmt":"2014-03-30T00:00:01","slug":"obesidad-infantil-el-desequilibrio-de-la-nutricion","status":"publish","type":"post","link":"https:\/\/adfformosa.com.ar\/?p=1038","title":{"rendered":"Obesidad Infantil: El desequilibrio de la nutrici\u00f3n"},"content":{"rendered":"<div id=\"s-share-buttons\" class=\"horizontal-w-c-r-border s-share-w-c\"><a href=\"http:\/\/www.facebook.com\/sharer.php?u=https:\/\/adfformosa.com.ar\/?p=1038\" target=\"_blank\" title=\"Share to Facebook\" class=\"s3-facebook hint--top\"><\/a><a href=\"http:\/\/twitter.com\/intent\/tweet?text=Obesidad Infantil: El desequilibrio de la nutrici\u00f3n&url=https:\/\/adfformosa.com.ar\/?p=1038\" target=\"_blank\"  title=\"Share to Twitter\" class=\"s3-twitter hint--top\"><\/a><a href=\"https:\/\/plus.google.com\/share?url=https:\/\/adfformosa.com.ar\/?p=1038\" target=\"_blank\"  title=\"Share to Google Plus\" class=\"s3-google-plus hint--top\"><\/a><a href=\"http:\/\/www.digg.com\/submit?url=https:\/\/adfformosa.com.ar\/?p=1038\" target=\"_blank\"  title=\"Share to Digg\" class=\"s3-digg hint--top\"><\/a><a href=\"http:\/\/www.tumblr.com\/share\/link?url=https%3A%2F%2Fadfformosa.com.ar%2F%3Fp%3D1038&name=Obesidad+Infantil%3A+El+desequilibrio+de+la+nutrici%C3%B3n\" target=\"_blank\" title=\"Share to Tumblr\" class=\"s3-tumblr hint--top\"><\/a><a href=\"mailto:?Subject=Obesidad%20Infantil:%20El%20desequilibrio%20de%20la%20nutrici\u00f3n&Body=Here%20is%20the%20link%20to%20the%20article:%20https:\/\/adfformosa.com.ar\/?p=1038\" title=\"Email this article\" class=\"s3-email hint--top\"><\/a><\/div><p><img loading=\"lazy\" decoding=\"async\" class=\"size-full wp-image-1039 aligncenter\" alt=\"obesidadinfantil\" src=\"https:\/\/adfformosa.com.ar\/wp-content\/uploads\/2014\/03\/obesidadinfantil.jpg\" width=\"600\" height=\"382\" srcset=\"https:\/\/adfformosa.com.ar\/wp-content\/uploads\/2014\/03\/obesidadinfantil.jpg 600w, https:\/\/adfformosa.com.ar\/wp-content\/uploads\/2014\/03\/obesidadinfantil-300x191.jpg 300w\" sizes=\"auto, (max-width: 600px) 100vw, 600px\" \/><\/p>\n<p style=\"text-align: justify;\">Un informe de la Organizaci\u00f3n Mundial de la Salud concluy\u00f3 que la obesidad alcanz\u00f3 proporciones epid\u00e9micas a nivel mundial. La OMS estim\u00f3 que cada a\u00f1o mueren al menos 2,6 millones de personas a causa de esa enfermedad.<\/p>\n<p style=\"text-align: justify;\">La investigaci\u00f3n descart\u00f3 la antigua teor\u00eda que aseguraba que la obesidad era un problema exclusivo de pa\u00edses de altos ingresos y agreg\u00f3 que actualmente tambi\u00e9n acosa a naciones pobres o en v\u00edas de desarrollo. El informe agreg\u00f3 que actualmente mil millones de adultos tienen sobrepeso y estimaron que, si no se act\u00faa seriamente, la cifra superar\u00e1 los 1.500 millones en el 2015. Respecto a los ni\u00f1os, agregaron que hay m\u00e1s de 42 millones de menores de cinco a\u00f1os con sobrepeso. La OMS destac\u00f3 que la obesidad infantil es uno de los problemas m\u00e1s graves del siglo XXI en cuanto a salud p\u00fablica Estos chicos tienen mayor riesgo de padecer diabetes y enfermedades cardiovasculares a edades m\u00e1s tempranas, que pueden derivar en muerte prematura y discapacidad,\u00a0La obesidad es el exceso de peso dado por el aumento de la grasa corporal que puede ser perjudicial para la salud y es resultado de m\u00faltiples factores, entre ellos los gen\u00e9ticos, poca actividad f\u00edsica y exceso en el consumo de alimentos (en especial aquellos ricos en grasas y az\u00facares).<\/p>\n<p style=\"text-align: justify;\">Esto indica que la incorporaci\u00f3n temprana de bebidas azucaradas de baja calidad nutricional predispone al aumento de la adiposidad durante la infancia y la adolescencia. El ser obeso significa una disminuci\u00f3n en la expectativa de vida de por lo menos 7 a\u00f1os, debido a que la acumulaci\u00f3n de la grasa corporal favorece el desarrollo de las enfermedades anteriormente nombradas<\/p>\n<p style=\"text-align: justify;\">Para combatir la obesidad, el apoyo de la comunidad y del entorno personal son fundamentales, la voluntad personal no alcanza en la lucha contra el sobrepeso.<\/p>\n<p style=\"text-align: justify;\">En el caso de los ni\u00f1os, este punto es fundamental, ya que sus elecciones dependen en gran parte de su entorno y de los adultos responsables. Adem\u00e1s de comprometer a las familias con ni\u00f1os en actividades familiares que no impliquen medios audiovisuales como la TV, juegos electr\u00f3nicos, computadora; las escuelas pueden contribuir ofreciendo actividades que entretengan y sociabilicen a los ni\u00f1os y adolescentes, dentro y fuera del horario de estudio, es decir aumentar las oportunidades de ejercicio en la propia escuela y la carga horaria de las clases de educaci\u00f3n f\u00edsica.<\/p>\n<p style=\"text-align: justify;\">Las intervenciones en el estilo de vida como la actividad f\u00edsica, la educaci\u00f3n nutricional y la terapia de comportamiento, aplicadas junto a la familia en el colegio, pueden resultar eficientes en la reducci\u00f3n del Sobrepeso y la Obesidad en ni\u00f1os y adolescentes Adem\u00e1s de reducir la obesidad, las intervenciones en el estilo de vida tambi\u00e9n colaboran en mejorar otras alteraciones metab\u00f3licas de manera proporcional al peso perdido como por ejemplo la diabetes El uso de bebidas con edulcorantes no cal\u00f3ricos ser\u00eda otra alternativa eficaz en este contexto sin embargo, considerando que las causas de sobrepeso y obesidad son de m\u00faltiples factores, la limitaci\u00f3n al consumo de bebidas azucaradas tiene que ser parte de una estrategia mayor y m\u00e1s compleja con el objetivo de prevenir y controlar la obesidad. Por ejemplo, ense\u00f1ando, conociendo e introduciendo los conceptos de una alimentaci\u00f3n saludable en la casa, los padres pueden contribuir al tratamiento y prevenci\u00f3n de la obesidad infantil.<\/p>\n<p style=\"text-align: justify;\">Las familias que sustituyen la cena por la merienda, saltean el desayuno y le dan prioridad a los alimentos de alto valor energ\u00e9tico y bajo valor nutricional, pueden enfrentar problemas con respecto al sobrepeso y a la obesidad en su grupo familiar. Por esa raz\u00f3n, se destaca la importancia del consumo de frutas y hortalizas en la prevenci\u00f3n y tratamiento de la obesidad y enfermedades asociadas, especialmente porque la ingesta de estos alimentos se encuentra por debajo de lo recomendado para la poblaci\u00f3n infantil, o se ofrecen a los ni\u00f1os en contextos negativos .<\/p>\n<p><strong>La obesidad infantil \u00abel desequilibrio de la nutrici\u00f3n\u00bb<\/strong><\/p>\n<p>Invertir en la salud de los ni\u00f1os y adolescentes por medio de incentivos para mejorar la alimentaci\u00f3n y combatir el sedentarismo es fundamental para prevenir enfermedades metab\u00f3licas, con impacto positivo y abarcador en el futuro.<\/p>\n<p>Por la Licenciada en Nutrici\u00f3n:<br \/>\n<strong>Laura B. Fern\u00e1ndez<\/strong><br \/>\nM.P.N\u00b088 Fsa. Cap. 22-03-2014<\/p>\n","protected":false},"excerpt":{"rendered":"<p>Un informe de la Organizaci\u00f3n Mundial de la Salud concluy\u00f3 que la obesidad alcanz\u00f3 proporciones epid\u00e9micas a nivel mundial. La OMS estim\u00f3 que cada a\u00f1o mueren al menos 2,6 millones&#8230; <span class=\"meta-more\"><a href=\"https:\/\/adfformosa.com.ar\/?p=1038\">Leer mas &raquo;<\/a><\/span><\/p>\n","protected":false},"author":1,"featured_media":1039,"comment_status":"open","ping_status":"closed","sticky":false,"template":"","format":"standard","meta":{"footnotes":""},"categories":[10],"tags":[],"class_list":["post-1038","post","type-post","status-publish","format-standard","has-post-thumbnail","hentry","category-asesoramiento-nutricional","even alt"],"_links":{"self":[{"href":"https:\/\/adfformosa.com.ar\/index.php?rest_route=\/wp\/v2\/posts\/1038","targetHints":{"allow":["GET"]}}],"collection":[{"href":"https:\/\/adfformosa.com.ar\/index.php?rest_route=\/wp\/v2\/posts"}],"about":[{"href":"https:\/\/adfformosa.com.ar\/index.php?rest_route=\/wp\/v2\/types\/post"}],"author":[{"embeddable":true,"href":"https:\/\/adfformosa.com.ar\/index.php?rest_route=\/wp\/v2\/users\/1"}],"replies":[{"embeddable":true,"href":"https:\/\/adfformosa.com.ar\/index.php?rest_route=%2Fwp%2Fv2%2Fcomments&post=1038"}],"version-history":[{"count":3,"href":"https:\/\/adfformosa.com.ar\/index.php?rest_route=\/wp\/v2\/posts\/1038\/revisions"}],"predecessor-version":[{"id":1042,"href":"https:\/\/adfformosa.com.ar\/index.php?rest_route=\/wp\/v2\/posts\/1038\/revisions\/1042"}],"wp:featuredmedia":[{"embeddable":true,"href":"https:\/\/adfformosa.com.ar\/index.php?rest_route=\/wp\/v2\/media\/1039"}],"wp:attachment":[{"href":"https:\/\/adfformosa.com.ar\/index.php?rest_route=%2Fwp%2Fv2%2Fmedia&parent=1038"}],"wp:term":[{"taxonomy":"category","embeddable":true,"href":"https:\/\/adfformosa.com.ar\/index.php?rest_route=%2Fwp%2Fv2%2Fcategories&post=1038"},{"taxonomy":"post_tag","embeddable":true,"href":"https:\/\/adfformosa.com.ar\/index.php?rest_route=%2Fwp%2Fv2%2Ftags&post=1038"}],"curies":[{"name":"wp","href":"https:\/\/api.w.org\/{rel}","templated":true}]}}